{"id":122758,"date":"2020-02-26T11:33:52","date_gmt":"2020-02-26T10:33:52","guid":{"rendered":"https:\/\/zjarr.tv\/?p=122758"},"modified":"2020-02-26T11:33:52","modified_gmt":"2020-02-26T10:33:52","slug":"rama-takohet-me-lavrov-ne-moske-ja-temat-e-diskutimit","status":"publish","type":"post","link":"https:\/\/zjarr.tv\/sq\/rama-takohet-me-lavrov-ne-moske-ja-temat-e-diskutimit\/","title":{"rendered":"Rama takohet me Lavrov n\u00eb Mosk\u00eb, ja temat e diskutimit"},"content":{"rendered":"<p>Kryeministri Edi Rama ka nisur takimin me shefin e diplomacis\u00eb ruse Sergey Lavrov.<\/p>\n<p>N\u00eb tryez\u00ebn e diskutimeve mes Ram\u00ebs dhe Lavrov do t\u00eb jet\u00eb \u00e7\u00ebshtja e integrimit evropian, p\u00ebr t\u00eb cil\u00ebn Shqip\u00ebria pritet t\u00eb marr\u00eb edhe nj\u00eb p\u00ebrgjigje nga lideret e unionit p\u00ebr hapjen e negociatave.<\/p>\n<p>Gjithashtu n\u00eb njoftimin e Ministris\u00eb s\u00eb Jashtme ruse thuhet se do t\u00eb diskutohet edhe p\u00ebr \u00e7\u00ebshtjet rajonale, pjes\u00eb e s\u00eb cil\u00ebs \u00ebsht\u00eb edhe minishengeni nd\u00ebrmjet Tiran\u00ebs, Shkupit dhe Beogradit.<\/p>\n<p>Kjo nism\u00eb rajonale ka sjell\u00eb edhe debate t\u00eb forta mes Shqip\u00ebris\u00eb dhe Kosov\u00ebs, shtet t\u00eb cilin Rusia ende nuk e ka njohur si t\u00eb pavarur.<\/p>\n<p>Rama dhe Lavrov do t\u00eb flasin edhe p\u00ebr marr\u00ebdh\u00ebniet bilaterale mes Tiran\u00ebs dhe Mosk\u00ebs, si dhe p\u00ebr planin e OSBE-s\u00eb p\u00ebr 2020.<\/p>\n<p>Rama n\u00eb drejtimin e k\u00ebsaj organizate ka k\u00ebrkuar angazhimin e t\u00eb gjitha shteteteve p\u00ebr t\u00eb vendosur paqen n\u00eb zon\u00ebn e konfliktit n\u00eb Ukrain\u00eb.<\/p>\n<p>Burime b\u00ebjn\u00eb \u00a0me dije se pavar\u00ebsisht lobimit nga pala shqiptare, Edi Rama ende nuk siguruar nj\u00eb takim me Presidentin rus Vladimir Putin.<\/p>\n<p>Rama \u00ebsht\u00eb kryeministri i dyt\u00eb q\u00eb viziton Mosk\u00ebn, pasi n\u00eb vitin 1995 ka q\u00ebn\u00eb Aleksand\u00ebr Meksi, i cili \u00ebsht\u00eb pritur nga Kryeministri rus i asaj kohe.<\/p>\n","protected":false},"excerpt":{"rendered":"<p>Kryeministri Edi Rama ka nisur takimin me shefin e diplomacis\u00eb ruse Sergey Lavrov. N\u00eb tryez\u00ebn e diskutimeve mes Ram\u00ebs dhe Lavrov do t\u00eb jet\u00eb \u00e7\u00ebshtja e integrimit evropian, p\u00ebr t\u00eb cil\u00ebn Shqip\u00ebria pritet t\u00eb marr\u00eb edhe nj\u00eb p\u00ebrgjigje nga lideret e unionit p\u00ebr hapjen e negociatave. Gjithashtu n\u00eb njoftimin e Ministris\u00eb s\u00eb Jashtme ruse thuhet [&hellip;]<\/p>\n","protected":false},"author":2013,"featured_media":122759,"comment_status":"open","ping_status":"closed","sticky":false,"template":"","format":"standard","meta":{"footnotes":""},"categories":[241,235],"tags":[],"class_list":{"0":"post-122758","1":"post","2":"type-post","3":"status-publish","4":"format-standard","5":"has-post-thumbnail","7":"category-aktualitet","8":"category-vendi"},"_links":{"self":[{"href":"https:\/\/zjarr.tv\/sq\/wp-json\/wp\/v2\/posts\/122758","targetHints":{"allow":["GET"]}}],"collection":[{"href":"https:\/\/zjarr.tv\/sq\/wp-json\/wp\/v2\/posts"}],"about":[{"href":"https:\/\/zjarr.tv\/sq\/wp-json\/wp\/v2\/types\/post"}],"author":[{"embeddable":true,"href":"https:\/\/zjarr.tv\/sq\/wp-json\/wp\/v2\/users\/2013"}],"replies":[{"embeddable":true,"href":"https:\/\/zjarr.tv\/sq\/wp-json\/wp\/v2\/comments?post=122758"}],"version-history":[{"count":0,"href":"https:\/\/zjarr.tv\/sq\/wp-json\/wp\/v2\/posts\/122758\/revisions"}],"wp:featuredmedia":[{"embeddable":true,"href":"https:\/\/zjarr.tv\/sq\/wp-json\/wp\/v2\/media\/122759"}],"wp:attachment":[{"href":"https:\/\/zjarr.tv\/sq\/wp-json\/wp\/v2\/media?parent=122758"}],"wp:term":[{"taxonomy":"category","embeddable":true,"href":"https:\/\/zjarr.tv\/sq\/wp-json\/wp\/v2\/categories?post=122758"},{"taxonomy":"post_tag","embeddable":true,"href":"https:\/\/zjarr.tv\/sq\/wp-json\/wp\/v2\/tags?post=122758"}],"curies":[{"name":"wp","href":"https:\/\/api.w.org\/{rel}","templated":true}]}}