{"id":122764,"date":"2020-02-26T11:37:02","date_gmt":"2020-02-26T10:37:02","guid":{"rendered":"https:\/\/zjarr.tv\/?p=122764"},"modified":"2020-02-26T11:37:02","modified_gmt":"2020-02-26T10:37:02","slug":"dita-e-10-te-e-greves-ne-ballsh","status":"publish","type":"post","link":"https:\/\/zjarr.tv\/sq\/dita-e-10-te-e-greves-ne-ballsh\/","title":{"rendered":"Dita e 10-t\u00eb e grev\u00ebs n\u00eb Ballsh"},"content":{"rendered":"<p>Futet n\u00eb dit\u00ebn e dhjet\u00eb e greva e uris\u00eb n\u00eb Ballsh.<\/p>\n<p>Grevist\u00ebt vazhdojn\u00eb t\u00eb refuzojn\u00eb sh\u00ebrbimi sh\u00ebndet\u00ebsor.<\/p>\n<p>Nj\u00ebri nga grevist\u00ebt ka pasur komplikacione sh\u00ebndet\u00ebsore dhe \u00ebsht\u00eb d\u00ebrguar n\u00eb spitalin e Ballshit.<\/p>\n<p>Nd\u00ebrkoh\u00eb, p\u00ebrfaq\u00ebsuesi i grevist\u00ebve shprehet se ata kan\u00eb humbur cdo lloj besimi, pasi nuk \u00ebsht\u00eb mbajtur asnj\u00eb afat.<\/p>\n<p>Ai shton se do se do t\u2019i drejtohen ambasadave dhe tashm\u00eb k\u00ebrkojn\u00eb t\u00eb gjitha pagat q\u00eb kan\u00eb pa marr\u00eb.<\/p>\n<p><strong>Sokol Dautaj:<\/strong>\u00a0<em>Kan\u00eb thyer \u00e7do lloj besimi me ne, kane l\u00ebn\u00eb nj\u00eb afat dhe nuk e kan\u00eb zbatuar.\u00a0<\/em><\/p>\n<p><em>Duke par\u00eb q\u00eb politika nuk reagon do t\u2019i drejtohemi ambasadave.<\/em><\/p>\n<p><em>N\u00eb qoft\u00eb se deri dje k\u00ebrkuam tre pagat tashme ne k\u00ebrkojm\u00eb pagat totale.<\/em><\/p>\n<p><em>Do marr rrug\u00ebt e Evrop\u00ebs, nuk punoj m\u00eb k\u00ebtu sepse s\u2019ka zgjidhje.<\/em><\/p>\n<p>Pak dit\u00eb m\u00eb par\u00eb, nj\u00eb p\u00ebrfaq\u00ebsi e grevisteve te Ballshit u takuan me zv. ministrin e Energjis\u00eb Ilir Bejtaj, n\u00eb prani t\u00eb kreut t\u00eb bashk\u00ebsie Mallakast\u00ebr, Qerim Ismaili dhe deputetin e zon\u00ebs, Ismet Beqiri.<\/p>\n<p>N\u00eb takim \u00ebsht\u00eb premtuar q\u00eb do t\u00eb gjendet zgjidhje p\u00ebr kalimin e pagave, por deri m\u00eb tani nj\u00eb gj\u00eb e till\u00eb nuk ka ndodhur.<\/p>\n","protected":false},"excerpt":{"rendered":"<p>Futet n\u00eb dit\u00ebn e dhjet\u00eb e greva e uris\u00eb n\u00eb Ballsh. Grevist\u00ebt vazhdojn\u00eb t\u00eb refuzojn\u00eb sh\u00ebrbimi sh\u00ebndet\u00ebsor. Nj\u00ebri nga grevist\u00ebt ka pasur komplikacione sh\u00ebndet\u00ebsore dhe \u00ebsht\u00eb d\u00ebrguar n\u00eb spitalin e Ballshit. Nd\u00ebrkoh\u00eb, p\u00ebrfaq\u00ebsuesi i grevist\u00ebve shprehet se ata kan\u00eb humbur cdo lloj besimi, pasi nuk \u00ebsht\u00eb mbajtur asnj\u00eb afat. Ai shton se do se do [&hellip;]<\/p>\n","protected":false},"author":2013,"featured_media":122285,"comment_status":"open","ping_status":"closed","sticky":false,"template":"","format":"standard","meta":{"footnotes":""},"categories":[241,235],"tags":[],"class_list":{"0":"post-122764","1":"post","2":"type-post","3":"status-publish","4":"format-standard","5":"has-post-thumbnail","7":"category-aktualitet","8":"category-vendi"},"_links":{"self":[{"href":"https:\/\/zjarr.tv\/sq\/wp-json\/wp\/v2\/posts\/122764","targetHints":{"allow":["GET"]}}],"collection":[{"href":"https:\/\/zjarr.tv\/sq\/wp-json\/wp\/v2\/posts"}],"about":[{"href":"https:\/\/zjarr.tv\/sq\/wp-json\/wp\/v2\/types\/post"}],"author":[{"embeddable":true,"href":"https:\/\/zjarr.tv\/sq\/wp-json\/wp\/v2\/users\/2013"}],"replies":[{"embeddable":true,"href":"https:\/\/zjarr.tv\/sq\/wp-json\/wp\/v2\/comments?post=122764"}],"version-history":[{"count":0,"href":"https:\/\/zjarr.tv\/sq\/wp-json\/wp\/v2\/posts\/122764\/revisions"}],"wp:featuredmedia":[{"embeddable":true,"href":"https:\/\/zjarr.tv\/sq\/wp-json\/wp\/v2\/media\/122285"}],"wp:attachment":[{"href":"https:\/\/zjarr.tv\/sq\/wp-json\/wp\/v2\/media?parent=122764"}],"wp:term":[{"taxonomy":"category","embeddable":true,"href":"https:\/\/zjarr.tv\/sq\/wp-json\/wp\/v2\/categories?post=122764"},{"taxonomy":"post_tag","embeddable":true,"href":"https:\/\/zjarr.tv\/sq\/wp-json\/wp\/v2\/tags?post=122764"}],"curies":[{"name":"wp","href":"https:\/\/api.w.org\/{rel}","templated":true}]}}