{"id":122772,"date":"2020-02-26T11:41:32","date_gmt":"2020-02-26T10:41:32","guid":{"rendered":"https:\/\/zjarr.tv\/?p=122772"},"modified":"2020-02-26T11:41:32","modified_gmt":"2020-02-26T10:41:32","slug":"basha-konfirmon-pjesemarrjen-ne-tubimin-e-presidentit-me-2-mars","status":"publish","type":"post","link":"https:\/\/zjarr.tv\/sq\/basha-konfirmon-pjesemarrjen-ne-tubimin-e-presidentit-me-2-mars\/","title":{"rendered":"Basha konfirmon pjes\u00ebmarrjen n\u00eb tubimin e Presidentit me 2 mars"},"content":{"rendered":"<p>Opozita mobilizohet p\u00ebr t&#8217;ju bashkuar tubimit t\u00eb thirrur nga presidenti Ilir Meta me 2 mars, ora 17:00 n\u00eb bulevardin &#8220;D\u00ebshmor\u00ebt e Kombit&#8221;.<\/p>\n<p>Nd\u00ebrsa kryetarja e LSI-s\u00eb, Monika Kryemadhi, deklaroi hapur nga Shkodra se mb\u00ebshtet\u00ebsit e k\u00ebsaj partie do t\u00eb jen\u00eb n\u00eb tubim, edhe kreu i PD-s\u00eb Lulzim \u00a0Basha \u00a0m\u00ebsohet se u ka d\u00ebrguar mesazh krer\u00ebve t\u00eb deg\u00ebve t\u00eb partis\u00eb ku konfirmon pjes\u00ebmarrjen dhe u k\u00ebrkon t\u00eb organizohen.<\/p>\n<p><em>\u201cSi qytetar\u00eb q\u00eb duam q\u00eb vendi t\u00eb b\u00ebj\u00eb hapa para drejt konsolidimit t\u00eb demokracis\u00eb, duhet t\u2019i p\u00ebrgjigjemi \u00e7do thirrje n\u00eb mbrojtje t\u00eb Kushtetut\u00ebs dhe funksionimin demokratik t\u00eb institucioneve t\u00eb pavarura. Prandaj un\u00eb e mb\u00ebshtes tubimin e thirrur nga Presidenti p\u00ebr Kushtetut\u00ebn\u201du<\/em>\u00a0 shkruan Basha deg\u00ebve t\u00eb PD-s\u00eb duke dh\u00ebn\u00eb edhe dy porosi.<\/p>\n<p>S\u00eb pari mesazhi duhet t\u00eb shp\u00ebrndahet tek t\u00eb gjitha strukturat e partis\u00eb.<\/p>\n<p>Dhe s\u00eb dyti, mbi k\u00ebt\u00eb \u00e7\u00ebshtje do t\u00eb ken\u00eb gjat\u00eb dit\u00ebs bised\u00eb telefonike me Sekretarin e P\u00ebrgjithsh\u00ebm t\u00eb PD-s\u00eb, p\u00ebr masat organizative.<\/p>\n","protected":false},"excerpt":{"rendered":"<p>Opozita mobilizohet p\u00ebr t&#8217;ju bashkuar tubimit t\u00eb thirrur nga presidenti Ilir Meta me 2 mars, ora 17:00 n\u00eb bulevardin &#8220;D\u00ebshmor\u00ebt e Kombit&#8221;. Nd\u00ebrsa kryetarja e LSI-s\u00eb, Monika Kryemadhi, deklaroi hapur nga Shkodra se mb\u00ebshtet\u00ebsit e k\u00ebsaj partie do t\u00eb jen\u00eb n\u00eb tubim, edhe kreu i PD-s\u00eb Lulzim \u00a0Basha \u00a0m\u00ebsohet se u ka d\u00ebrguar mesazh krer\u00ebve [&hellip;]<\/p>\n","protected":false},"author":2013,"featured_media":112899,"comment_status":"open","ping_status":"closed","sticky":false,"template":"","format":"standard","meta":{"footnotes":""},"categories":[241,235],"tags":[],"class_list":{"0":"post-122772","1":"post","2":"type-post","3":"status-publish","4":"format-standard","5":"has-post-thumbnail","7":"category-aktualitet","8":"category-vendi"},"_links":{"self":[{"href":"https:\/\/zjarr.tv\/sq\/wp-json\/wp\/v2\/posts\/122772","targetHints":{"allow":["GET"]}}],"collection":[{"href":"https:\/\/zjarr.tv\/sq\/wp-json\/wp\/v2\/posts"}],"about":[{"href":"https:\/\/zjarr.tv\/sq\/wp-json\/wp\/v2\/types\/post"}],"author":[{"embeddable":true,"href":"https:\/\/zjarr.tv\/sq\/wp-json\/wp\/v2\/users\/2013"}],"replies":[{"embeddable":true,"href":"https:\/\/zjarr.tv\/sq\/wp-json\/wp\/v2\/comments?post=122772"}],"version-history":[{"count":0,"href":"https:\/\/zjarr.tv\/sq\/wp-json\/wp\/v2\/posts\/122772\/revisions"}],"wp:featuredmedia":[{"embeddable":true,"href":"https:\/\/zjarr.tv\/sq\/wp-json\/wp\/v2\/media\/112899"}],"wp:attachment":[{"href":"https:\/\/zjarr.tv\/sq\/wp-json\/wp\/v2\/media?parent=122772"}],"wp:term":[{"taxonomy":"category","embeddable":true,"href":"https:\/\/zjarr.tv\/sq\/wp-json\/wp\/v2\/categories?post=122772"},{"taxonomy":"post_tag","embeddable":true,"href":"https:\/\/zjarr.tv\/sq\/wp-json\/wp\/v2\/tags?post=122772"}],"curies":[{"name":"wp","href":"https:\/\/api.w.org\/{rel}","templated":true}]}}