{"id":122777,"date":"2020-02-26T11:44:17","date_gmt":"2020-02-26T10:44:17","guid":{"rendered":"https:\/\/zjarr.tv\/?p=122777"},"modified":"2020-02-26T11:44:17","modified_gmt":"2020-02-26T10:44:17","slug":"duka-thirrje-qytetareve-per-ne-2-mars-ti-veme-fre-arrogances-se-pushtetit","status":"publish","type":"post","link":"https:\/\/zjarr.tv\/sq\/duka-thirrje-qytetareve-per-ne-2-mars-ti-veme-fre-arrogances-se-pushtetit\/","title":{"rendered":"Duka, thirrje qytetar\u00ebve p\u00ebr n\u00eb 2 mars: T&#8217;i v\u00ebm\u00eb fre, arroganc\u00ebs s\u00eb pushtetit"},"content":{"rendered":"<p>Agron Duka, kryetari i Partis\u00eb Agrare Ambientaliste i ka b\u00ebr\u00eb thirrje qytetar\u00ebve se ka ardhur koha q\u00eb qytetar\u00ebt t&#8217;i v\u00ebn\u00eb fre, arroganc\u00ebs s\u00eb pushtetit dhe m\u00eb 2 mars, t\u00eb marrin pushtetin q\u00eb iu ka zhvatuar nj\u00eb grusht qytetar\u00ebsh.&#8221;<\/p>\n<p>&#8220;P\u00ebrball\u00eb sulmit t\u00eb paprecedent t\u00eb mazhoranc\u00ebs ndaj institucioneve, mendoj se \u00ebsht\u00eb koha q\u00eb mazhoranca e qytetar\u00ebve, t\u2019i vendos\u00eb fre arroganc\u00ebs s\u00eb pushtetit, &#8211; ka shkruar Duka n\u00eb Fb. &#8211; Dy marsi \u00ebsht\u00eb nj\u00eb dat\u00eb q\u00eb nuk i p\u00ebrket Presidentit, por gjith\u00eb qytetar\u00ebve q\u00eb k\u00ebrkojn\u00eb nj\u00eb shtet t\u00eb s\u00eb drejt\u00ebs, jo nj\u00eb shtet monist, prandaj do t\u00eb jem aty me bashk\u00ebqytetar\u00ebt e mi.<\/p>\n<p>Nuk mund t\u00eb tolerojm\u00eb kapjen e Gjykat\u00ebs Kushtetuese dhe asnj\u00eb pushteti tjet\u00ebr; madje, iu b\u00ebj thirrje qytetar\u00ebve, q\u00eb n\u00eb dy mars t\u00eb vijn\u00eb dhe t\u00eb marrin mbrapsh pushtetin q\u00eb iu kan\u00eb zhvatur nj\u00eb grusht i vog\u00ebl njer\u00ebzish.&#8221;<\/p>\n","protected":false},"excerpt":{"rendered":"<p>Agron Duka, kryetari i Partis\u00eb Agrare Ambientaliste i ka b\u00ebr\u00eb thirrje qytetar\u00ebve se ka ardhur koha q\u00eb qytetar\u00ebt t&#8217;i v\u00ebn\u00eb fre, arroganc\u00ebs s\u00eb pushtetit dhe m\u00eb 2 mars, t\u00eb marrin pushtetin q\u00eb iu ka zhvatuar nj\u00eb grusht qytetar\u00ebsh.&#8221; &#8220;P\u00ebrball\u00eb sulmit t\u00eb paprecedent t\u00eb mazhoranc\u00ebs ndaj institucioneve, mendoj se \u00ebsht\u00eb koha q\u00eb mazhoranca e qytetar\u00ebve, t\u2019i [&hellip;]<\/p>\n","protected":false},"author":2013,"featured_media":122778,"comment_status":"open","ping_status":"closed","sticky":false,"template":"","format":"standard","meta":{"footnotes":""},"categories":[241,235],"tags":[],"class_list":{"0":"post-122777","1":"post","2":"type-post","3":"status-publish","4":"format-standard","5":"has-post-thumbnail","7":"category-aktualitet","8":"category-vendi"},"_links":{"self":[{"href":"https:\/\/zjarr.tv\/sq\/wp-json\/wp\/v2\/posts\/122777","targetHints":{"allow":["GET"]}}],"collection":[{"href":"https:\/\/zjarr.tv\/sq\/wp-json\/wp\/v2\/posts"}],"about":[{"href":"https:\/\/zjarr.tv\/sq\/wp-json\/wp\/v2\/types\/post"}],"author":[{"embeddable":true,"href":"https:\/\/zjarr.tv\/sq\/wp-json\/wp\/v2\/users\/2013"}],"replies":[{"embeddable":true,"href":"https:\/\/zjarr.tv\/sq\/wp-json\/wp\/v2\/comments?post=122777"}],"version-history":[{"count":0,"href":"https:\/\/zjarr.tv\/sq\/wp-json\/wp\/v2\/posts\/122777\/revisions"}],"wp:featuredmedia":[{"embeddable":true,"href":"https:\/\/zjarr.tv\/sq\/wp-json\/wp\/v2\/media\/122778"}],"wp:attachment":[{"href":"https:\/\/zjarr.tv\/sq\/wp-json\/wp\/v2\/media?parent=122777"}],"wp:term":[{"taxonomy":"category","embeddable":true,"href":"https:\/\/zjarr.tv\/sq\/wp-json\/wp\/v2\/categories?post=122777"},{"taxonomy":"post_tag","embeddable":true,"href":"https:\/\/zjarr.tv\/sq\/wp-json\/wp\/v2\/tags?post=122777"}],"curies":[{"name":"wp","href":"https:\/\/api.w.org\/{rel}","templated":true}]}}