{"id":122784,"date":"2020-02-26T11:47:59","date_gmt":"2020-02-26T10:47:59","guid":{"rendered":"https:\/\/zjarr.tv\/?p=122784"},"modified":"2020-02-26T11:47:59","modified_gmt":"2020-02-26T10:47:59","slug":"sezoni-i-kanabisit-ardi-veliu-urdheron-operacion-ne-mbare-vendin-lleshaj-deri-ne-30-prill-te-asgjesohet-cdo-rrenje","status":"publish","type":"post","link":"https:\/\/zjarr.tv\/sq\/sezoni-i-kanabisit-ardi-veliu-urdheron-operacion-ne-mbare-vendin-lleshaj-deri-ne-30-prill-te-asgjesohet-cdo-rrenje\/","title":{"rendered":"Sezoni i kanabisit, Ardi Veliu urdh\u00ebron operacion n\u00eb mbar\u00eb vendin, Lleshaj: Deri n\u00eb 30 prill t\u00eb asgjesohet \u00e7do rr\u00ebnj\u00eb"},"content":{"rendered":"<p>Drejtori i P\u00ebrgjitsh\u00ebm i Policis\u00eb s\u00eb Shtetit, Ardi Veliu dhe ministri i brendsh\u00ebm Sand\u00ebr Lleshaj kan\u00eb dh\u00ebn\u00eb urdh\u00ebrat n\u00eb luft\u00ebn kund\u00ebr kanabisit p\u00ebr 2020 me fillimin e sezonit kur edhe fillon mbjellja e tij.<\/p>\n<p>Veliu nj\u00eb dit\u00eb pas takimit me shefat e komisariateve t\u00eb Policis\u00eb dhe zv.drejtorat p\u00ebr rendin dhe sigurin\u00eb ka urdh\u00ebruar operacion n\u00eb mbar\u00eb vendin, kontrolle dhe parandalim t\u00eb kultivimit t\u00eb kanabisit.<\/p>\n<p>Nd\u00ebrkoh\u00eb gazetarja Dorjana Bezat raporton p\u00ebr BalkanWeb se Lleshaj ka b\u00ebr\u00eb t\u00eb qart\u00eb p\u00ebr t\u00eb gjitha strukturat se deri n\u00eb 30 prill duhet t\u00eb asgjesohet \u00e7do rr\u00ebnj\u00eb kanabisi duke paralajm\u00ebruar edhe penalizime n\u00eb rastet e evidentuara.<\/p>\n<p>Lleshaj madje ka th\u00ebn\u00eb se n\u00eb rast evidentimi t\u00eb shp\u00ebrdorimit t\u00eb detyr\u00ebt do t\u00eb penalizoj\u00eb jo vet\u00ebm policin\u00eb e zon\u00ebs p\u00ebrkat\u00ebse pro dhe administrator\u00ebt e institucioneve t\u00eb tjera vendimmmarr\u00ebse.<\/p>\n","protected":false},"excerpt":{"rendered":"<p>Drejtori i P\u00ebrgjitsh\u00ebm i Policis\u00eb s\u00eb Shtetit, Ardi Veliu dhe ministri i brendsh\u00ebm Sand\u00ebr Lleshaj kan\u00eb dh\u00ebn\u00eb urdh\u00ebrat n\u00eb luft\u00ebn kund\u00ebr kanabisit p\u00ebr 2020 me fillimin e sezonit kur edhe fillon mbjellja e tij. Veliu nj\u00eb dit\u00eb pas takimit me shefat e komisariateve t\u00eb Policis\u00eb dhe zv.drejtorat p\u00ebr rendin dhe sigurin\u00eb ka urdh\u00ebruar operacion n\u00eb [&hellip;]<\/p>\n","protected":false},"author":2013,"featured_media":122786,"comment_status":"open","ping_status":"closed","sticky":false,"template":"","format":"standard","meta":{"footnotes":""},"categories":[241,235],"tags":[],"class_list":{"0":"post-122784","1":"post","2":"type-post","3":"status-publish","4":"format-standard","5":"has-post-thumbnail","7":"category-aktualitet","8":"category-vendi"},"_links":{"self":[{"href":"https:\/\/zjarr.tv\/sq\/wp-json\/wp\/v2\/posts\/122784","targetHints":{"allow":["GET"]}}],"collection":[{"href":"https:\/\/zjarr.tv\/sq\/wp-json\/wp\/v2\/posts"}],"about":[{"href":"https:\/\/zjarr.tv\/sq\/wp-json\/wp\/v2\/types\/post"}],"author":[{"embeddable":true,"href":"https:\/\/zjarr.tv\/sq\/wp-json\/wp\/v2\/users\/2013"}],"replies":[{"embeddable":true,"href":"https:\/\/zjarr.tv\/sq\/wp-json\/wp\/v2\/comments?post=122784"}],"version-history":[{"count":0,"href":"https:\/\/zjarr.tv\/sq\/wp-json\/wp\/v2\/posts\/122784\/revisions"}],"wp:featuredmedia":[{"embeddable":true,"href":"https:\/\/zjarr.tv\/sq\/wp-json\/wp\/v2\/media\/122786"}],"wp:attachment":[{"href":"https:\/\/zjarr.tv\/sq\/wp-json\/wp\/v2\/media?parent=122784"}],"wp:term":[{"taxonomy":"category","embeddable":true,"href":"https:\/\/zjarr.tv\/sq\/wp-json\/wp\/v2\/categories?post=122784"},{"taxonomy":"post_tag","embeddable":true,"href":"https:\/\/zjarr.tv\/sq\/wp-json\/wp\/v2\/tags?post=122784"}],"curies":[{"name":"wp","href":"https:\/\/api.w.org\/{rel}","templated":true}]}}