{"id":122788,"date":"2020-02-26T11:49:36","date_gmt":"2020-02-26T10:49:36","guid":{"rendered":"https:\/\/zjarr.tv\/?p=122788"},"modified":"2020-02-26T11:49:36","modified_gmt":"2020-02-26T10:49:36","slug":"gjosha-mazhoranca-te-lexoje-mire-deklaraten-e-kryekeshilltarit-te-cdu-csu-keto-momente-mbajne-pezull-shqiperine","status":"publish","type":"post","link":"https:\/\/zjarr.tv\/sq\/gjosha-mazhoranca-te-lexoje-mire-deklaraten-e-kryekeshilltarit-te-cdu-csu-keto-momente-mbajne-pezull-shqiperine\/","title":{"rendered":"Gjosha: Mazhoranca t\u00eb lexoj\u00eb mir\u00eb deklarat\u00ebn e kryek\u00ebshilltarit t\u00eb CDU-CSU, k\u00ebto momente mbajn\u00eb pezull Shqip\u00ebrin\u00eb"},"content":{"rendered":"<p>Ish- ministrja e Integrimit Klajda Gjosha i ka b\u00ebr\u00eb apel mazhoranc\u00ebs shqiptare q\u00eb t\u00eb lexoj\u00eb mir\u00eb deklarat\u00ebn e djeshme t\u00eb kryek\u00ebshilltarit t\u00eb CDU- CSU Hans-Joachim Falenski q\u00eb tha se n\u00ebse Shqip\u00ebria do negociatat mos luaj\u00eb me integritetin e Gjykat\u00ebs Kushtetuese.<\/p>\n<p>Gjosha shprehet se mazhoranca ka minuar shtetin e s\u00eb drejt\u00ebs me q\u00ebllim kapjen e gjyq\u00ebsorit dhe pik\u00ebrisht k\u00ebto momente mbajn\u00eb pezull Shqip\u00ebrin\u00eb dhe procesin e negociatave.<\/p>\n<p>M\u00eb tej ajo shprehet se qytetar\u00ebt duhet t\u00eb dalin n\u00eb 2 mars n\u00eb krah t\u00eb Presidentit Meta p\u00ebr Shqip\u00ebrin\u00eb Europiane.<\/p>\n<p><strong>STATUSI I KLAJDA GJOSH\u00cbS<\/strong><\/p>\n<p>Kryek\u00ebshilltari p\u00eb Politik\u00ebn e Jashtme t\u00eb CDU-CSU, Hans-Joachim Falenski, ka b\u00ebr\u00eb dje disa deklarata t\u00eb forta mbi c\u00ebshtjen e Gjykat\u00ebs Kushtetuese, r\u00ebnd\u00ebsin\u00eb p\u00ebr t\u00eb mos luajtur me integritetin e saj, si dhe lidhjen e ngusht\u00eb t\u00eb Kushtetueses me celjen e negociatave t\u00eb Shqip\u00ebris\u00eb. Deklarat\u00eb kjo q\u00eb duhet lexuar me kujdes nga mazhoranca, e cila n\u00eb cdo moment ka minuar shtetin e s\u00eb drejt\u00ebs, institucionet e saj, me q\u00ebllim kapjen e pushtetit gjyq\u00ebsor.<\/p>\n<p>Jan\u00eb pik\u00ebrisht momente t\u00eb tilla\u00a0<span class=\"text_exposed_show\">q\u00eb e mbajn\u00eb Shqip\u00ebrin\u00eb pezull n\u00eb procesin e saj t\u00eb integrimit europian, e mbajn\u00eb larg standarteve dhe shuajn\u00eb shpres\u00ebn te brezat e rinj!<\/span><\/p>\n<div class=\"text_exposed_show\">\n<p>Beteja p\u00ebr Gjykat\u00ebn Kushtetuese \u00ebsht\u00eb beteja p\u00ebr t\u00eb drejt\u00ebn e jet\u00ebs, t\u00eb drejt\u00ebn e pron\u00ebs, p\u00ebr lirin\u00eb e shprehjes, t\u00eb drejt\u00ebn p\u00ebr t\u2019u arsimuar\u2026.\u00ebsht\u00eb beteja p\u00ebr demokracin\u00eb!<\/p>\n<p>N\u00eb 2 Mars ne duhet t\u00eb b\u00ebhemi bashk\u00eb p\u00ebr f\u00ebmij\u00ebt tan\u00eb, bashk\u00eb p\u00ebr Shqip\u00ebrin\u00eb europiane!<\/p>\n<\/div>\n","protected":false},"excerpt":{"rendered":"<p>Ish- ministrja e Integrimit Klajda Gjosha i ka b\u00ebr\u00eb apel mazhoranc\u00ebs shqiptare q\u00eb t\u00eb lexoj\u00eb mir\u00eb deklarat\u00ebn e djeshme t\u00eb kryek\u00ebshilltarit t\u00eb CDU- CSU Hans-Joachim Falenski q\u00eb tha se n\u00ebse Shqip\u00ebria do negociatat mos luaj\u00eb me integritetin e Gjykat\u00ebs Kushtetuese. Gjosha shprehet se mazhoranca ka minuar shtetin e s\u00eb drejt\u00ebs me q\u00ebllim kapjen e gjyq\u00ebsorit [&hellip;]<\/p>\n","protected":false},"author":2013,"featured_media":122789,"comment_status":"open","ping_status":"closed","sticky":false,"template":"","format":"standard","meta":{"footnotes":""},"categories":[241,235],"tags":[],"class_list":{"0":"post-122788","1":"post","2":"type-post","3":"status-publish","4":"format-standard","5":"has-post-thumbnail","7":"category-aktualitet","8":"category-vendi"},"_links":{"self":[{"href":"https:\/\/zjarr.tv\/sq\/wp-json\/wp\/v2\/posts\/122788","targetHints":{"allow":["GET"]}}],"collection":[{"href":"https:\/\/zjarr.tv\/sq\/wp-json\/wp\/v2\/posts"}],"about":[{"href":"https:\/\/zjarr.tv\/sq\/wp-json\/wp\/v2\/types\/post"}],"author":[{"embeddable":true,"href":"https:\/\/zjarr.tv\/sq\/wp-json\/wp\/v2\/users\/2013"}],"replies":[{"embeddable":true,"href":"https:\/\/zjarr.tv\/sq\/wp-json\/wp\/v2\/comments?post=122788"}],"version-history":[{"count":0,"href":"https:\/\/zjarr.tv\/sq\/wp-json\/wp\/v2\/posts\/122788\/revisions"}],"wp:featuredmedia":[{"embeddable":true,"href":"https:\/\/zjarr.tv\/sq\/wp-json\/wp\/v2\/media\/122789"}],"wp:attachment":[{"href":"https:\/\/zjarr.tv\/sq\/wp-json\/wp\/v2\/media?parent=122788"}],"wp:term":[{"taxonomy":"category","embeddable":true,"href":"https:\/\/zjarr.tv\/sq\/wp-json\/wp\/v2\/categories?post=122788"},{"taxonomy":"post_tag","embeddable":true,"href":"https:\/\/zjarr.tv\/sq\/wp-json\/wp\/v2\/tags?post=122788"}],"curies":[{"name":"wp","href":"https:\/\/api.w.org\/{rel}","templated":true}]}}