{"id":122796,"date":"2020-02-26T12:16:01","date_gmt":"2020-02-26T11:16:01","guid":{"rendered":"https:\/\/zjarr.tv\/?p=122796"},"modified":"2020-02-26T12:16:01","modified_gmt":"2020-02-26T11:16:01","slug":"krimi-ne-durres-ja-emri-i-viktimes-dhe-autorit","status":"publish","type":"post","link":"https:\/\/zjarr.tv\/sq\/krimi-ne-durres-ja-emri-i-viktimes-dhe-autorit\/","title":{"rendered":"Krimi n\u00eb Durr\u00ebs, ja emri i viktim\u00ebs dhe autorit"},"content":{"rendered":"<p>Nj\u00eb tjet\u00ebr krim i r\u00ebnd\u00eb ka tronditur sot Shqip\u00ebrin\u00eb.<\/p>\n<p>Pas vrasjes s\u00eb dyfisht\u00eb t\u00eb mbr\u00ebmjes s\u00eb djeshme, sot nj\u00eb burr\u00eb ka q\u00eblluar dhe vrar\u00eb me thik\u00eb gruan e tij.Ngjarja ka ndodhur n\u00eb Durr\u00ebs. Burime nga policia kan\u00eb b\u00ebr\u00eb t\u00eb ditur se viktima \u00ebsht\u00eb identifikuar si Hajrie Tosuni dhe autori, Rruzhdi Tosuni.<\/p>\n<p>Informacion paraprak<\/p>\n<p>M\u00eb dat\u00eb 26.02.2020, rreth or\u00ebs\u00a0 11:35, n\u00eb lagjen Nr. 12, Durr\u00ebs, shtetasi R. T., 63 vje\u00e7, banues n\u00eb lagjen Nr. 7, Durr\u00ebs, n\u00eb dyqanin q\u00eb tregton metrazhe, dyshohet se ka goditur me lev\u00eb hekuri, bashk\u00ebshorten e tij,\u00a0 shtetasen H. T., 59 vje\u00e7e, e cila ka nd\u00ebrruar jet\u00eb si pasoj\u00eb e plag\u00ebve t\u00eb marra.<\/p>\n<p>Sh\u00ebrbimet e Policis\u00eb kan\u00eb arrestuar n\u00eb flagranc\u00eb autorin e dyshuar t\u00eb ngjarjes.<\/p>\n<p>N\u00eb vendngjarje ndodhet grupi hetimor, ku vijon pun\u00ebn p\u00ebr sqarimin dhe dokumentimin e ngjarjes.<\/p>\n","protected":false},"excerpt":{"rendered":"<p>Nj\u00eb tjet\u00ebr krim i r\u00ebnd\u00eb ka tronditur sot Shqip\u00ebrin\u00eb. Pas vrasjes s\u00eb dyfisht\u00eb t\u00eb mbr\u00ebmjes s\u00eb djeshme, sot nj\u00eb burr\u00eb ka q\u00eblluar dhe vrar\u00eb me thik\u00eb gruan e tij.Ngjarja ka ndodhur n\u00eb Durr\u00ebs. Burime nga policia kan\u00eb b\u00ebr\u00eb t\u00eb ditur se viktima \u00ebsht\u00eb identifikuar si Hajrie Tosuni dhe autori, Rruzhdi Tosuni. Informacion paraprak M\u00eb dat\u00eb [&hellip;]<\/p>\n","protected":false},"author":2013,"featured_media":38161,"comment_status":"open","ping_status":"closed","sticky":false,"template":"","format":"standard","meta":{"footnotes":""},"categories":[241,235],"tags":[],"class_list":{"0":"post-122796","1":"post","2":"type-post","3":"status-publish","4":"format-standard","5":"has-post-thumbnail","7":"category-aktualitet","8":"category-vendi"},"_links":{"self":[{"href":"https:\/\/zjarr.tv\/sq\/wp-json\/wp\/v2\/posts\/122796","targetHints":{"allow":["GET"]}}],"collection":[{"href":"https:\/\/zjarr.tv\/sq\/wp-json\/wp\/v2\/posts"}],"about":[{"href":"https:\/\/zjarr.tv\/sq\/wp-json\/wp\/v2\/types\/post"}],"author":[{"embeddable":true,"href":"https:\/\/zjarr.tv\/sq\/wp-json\/wp\/v2\/users\/2013"}],"replies":[{"embeddable":true,"href":"https:\/\/zjarr.tv\/sq\/wp-json\/wp\/v2\/comments?post=122796"}],"version-history":[{"count":0,"href":"https:\/\/zjarr.tv\/sq\/wp-json\/wp\/v2\/posts\/122796\/revisions"}],"wp:featuredmedia":[{"embeddable":true,"href":"https:\/\/zjarr.tv\/sq\/wp-json\/wp\/v2\/media\/38161"}],"wp:attachment":[{"href":"https:\/\/zjarr.tv\/sq\/wp-json\/wp\/v2\/media?parent=122796"}],"wp:term":[{"taxonomy":"category","embeddable":true,"href":"https:\/\/zjarr.tv\/sq\/wp-json\/wp\/v2\/categories?post=122796"},{"taxonomy":"post_tag","embeddable":true,"href":"https:\/\/zjarr.tv\/sq\/wp-json\/wp\/v2\/tags?post=122796"}],"curies":[{"name":"wp","href":"https:\/\/api.w.org\/{rel}","templated":true}]}}