{"id":122799,"date":"2020-02-26T14:54:35","date_gmt":"2020-02-26T13:54:35","guid":{"rendered":"https:\/\/zjarr.tv\/?p=122799"},"modified":"2020-02-26T14:54:35","modified_gmt":"2020-02-26T13:54:35","slug":"dy-astritet-e-shijakut-qe-do-vetedeklarojne-pasurine","status":"publish","type":"post","link":"https:\/\/zjarr.tv\/sq\/dy-astritet-e-shijakut-qe-do-vetedeklarojne-pasurine\/","title":{"rendered":"Dy Astrit\u00ebt e Shijakut q\u00eb do vet\u00ebdeklarojn\u00eb pasurin\u00eb"},"content":{"rendered":"<p>Operacioni Forca e Ligjit u ka d\u00ebrguar dy shtetasve nga Shijaku formularin e vet\u00ebdeklarimit t\u00eb pasurisve. Duhet t\u00eb v\u00ebrtetojn\u00eb pasurin\u00eb:<\/p>\n<p><strong>Astrit Balliu\u00a0<\/strong>banues n\u00eb Shijak, d\u00ebnuar nga Gjykata e Rrethit Gjyq\u00ebsor Durr\u00ebs, p\u00ebr vepr\u00ebn penale &#8220;Vrasja me paramendim&#8221;;<\/p>\n<p><strong>Astrit Ke\u00e7i\u00a0<\/strong>\u00a0banues n\u00eb Shijak, d\u00ebnuar nga Gjykata e Pisas, Itali, p\u00ebr vepr\u00ebn penale &#8220;Trafikim i narkotik\u00ebve&#8221;;<\/p>\n<p>M\u00eb pas, p\u00ebrgjigjet e marra do t\u2019i d\u00ebrgohen SPAK-ut, p\u00ebr veprime t\u00eb m\u00ebtejshme.<\/p>\n<p><strong>Kush eshte Astrit Balliu?<br \/>\n<\/strong><\/p>\n<p>Astrit Balliu \u00ebsht\u00eb nj\u00eb nd\u00ebr t\u00eb arrestuarit n\u00eb kuad\u00ebr t\u00eb operacionit \u201cVolvo\u201d q\u00eb u nd\u00ebrmor n\u00eb tetor 2018 dhe I konsideruar si nj\u00eb prej t\u00eb fort\u00ebve t\u00eb Shijakut. Njihet dhe si Avdyli, Sulejmani apo me pseudonimin \u201cTiti\u201d, nga Shijaku. Astrit Ke\u00e7i u arrestua n\u00eb maj t\u00eb vitit 2018\u00a0me qellim ekstradimin drejt Italise pasi akuzohet si pjes\u00eb e grupit \u201cKe\u00e7i\u201d \u00a0q\u00eb merrej me trafik heroine e kokaine nga vendet ballkanike drejt Europ\u00ebs. Droga trafikohej p\u00ebrmes territorit italian duke p\u00ebrdorur pikat kufitare n\u00eb rajonin e Friuli Venecia Giulia<\/p>\n","protected":false},"excerpt":{"rendered":"<p>Operacioni Forca e Ligjit u ka d\u00ebrguar dy shtetasve nga Shijaku formularin e vet\u00ebdeklarimit t\u00eb pasurisve. Duhet t\u00eb v\u00ebrtetojn\u00eb pasurin\u00eb: Astrit Balliu\u00a0banues n\u00eb Shijak, d\u00ebnuar nga Gjykata e Rrethit Gjyq\u00ebsor Durr\u00ebs, p\u00ebr vepr\u00ebn penale &#8220;Vrasja me paramendim&#8221;; Astrit Ke\u00e7i\u00a0\u00a0banues n\u00eb Shijak, d\u00ebnuar nga Gjykata e Pisas, Itali, p\u00ebr vepr\u00ebn penale &#8220;Trafikim i narkotik\u00ebve&#8221;; M\u00eb pas, [&hellip;]<\/p>\n","protected":false},"author":2013,"featured_media":121248,"comment_status":"open","ping_status":"closed","sticky":false,"template":"","format":"standard","meta":{"footnotes":""},"categories":[241,235],"tags":[],"class_list":{"0":"post-122799","1":"post","2":"type-post","3":"status-publish","4":"format-standard","5":"has-post-thumbnail","7":"category-aktualitet","8":"category-vendi"},"_links":{"self":[{"href":"https:\/\/zjarr.tv\/sq\/wp-json\/wp\/v2\/posts\/122799","targetHints":{"allow":["GET"]}}],"collection":[{"href":"https:\/\/zjarr.tv\/sq\/wp-json\/wp\/v2\/posts"}],"about":[{"href":"https:\/\/zjarr.tv\/sq\/wp-json\/wp\/v2\/types\/post"}],"author":[{"embeddable":true,"href":"https:\/\/zjarr.tv\/sq\/wp-json\/wp\/v2\/users\/2013"}],"replies":[{"embeddable":true,"href":"https:\/\/zjarr.tv\/sq\/wp-json\/wp\/v2\/comments?post=122799"}],"version-history":[{"count":0,"href":"https:\/\/zjarr.tv\/sq\/wp-json\/wp\/v2\/posts\/122799\/revisions"}],"wp:featuredmedia":[{"embeddable":true,"href":"https:\/\/zjarr.tv\/sq\/wp-json\/wp\/v2\/media\/121248"}],"wp:attachment":[{"href":"https:\/\/zjarr.tv\/sq\/wp-json\/wp\/v2\/media?parent=122799"}],"wp:term":[{"taxonomy":"category","embeddable":true,"href":"https:\/\/zjarr.tv\/sq\/wp-json\/wp\/v2\/categories?post=122799"},{"taxonomy":"post_tag","embeddable":true,"href":"https:\/\/zjarr.tv\/sq\/wp-json\/wp\/v2\/tags?post=122799"}],"curies":[{"name":"wp","href":"https:\/\/api.w.org\/{rel}","templated":true}]}}