{"id":122803,"date":"2020-02-26T14:57:12","date_gmt":"2020-02-26T13:57:12","guid":{"rendered":"https:\/\/zjarr.tv\/?p=122803"},"modified":"2020-02-26T14:57:12","modified_gmt":"2020-02-26T13:57:12","slug":"kur-do-ta-njohe-rusia-kosoven-lavrovi-i-ben-bisht-pyetjes-moska-do-pranoje-cdo-marreveshje-mes-prishtines-dhe-beogradit","status":"publish","type":"post","link":"https:\/\/zjarr.tv\/sq\/kur-do-ta-njohe-rusia-kosoven-lavrovi-i-ben-bisht-pyetjes-moska-do-pranoje-cdo-marreveshje-mes-prishtines-dhe-beogradit\/","title":{"rendered":"Kur do ta njoh\u00eb Rusia Kosov\u00ebn? Lavrovi i b\u00ebn bisht pyetjes: Moska do pranoj\u00eb \u00e7do marr\u00ebveshje mes Prishtin\u00ebs dhe Beogradit"},"content":{"rendered":"<p>N\u00eb konferenc\u00ebn e p\u00ebrbashk\u00ebt p\u00ebr mediet me Ram\u00ebn, ministri i jasht\u00ebm rus Lavrov \u00ebsht\u00eb p\u00ebrgjigjur edhe p\u00ebr njohjen e Kosov\u00ebs. Pyetjes s\u00eb gazetarit Muhamed Veliu, n\u00ebse do ta njoh\u00eb ndonj\u00eb dit\u00eb Rusia Kosov\u00ebn, ai i ka dh\u00ebn\u00eb nj\u00eb evazive, duke th\u00ebn\u00eb se Rusia do t\u00eb respektoj\u00eb \u00e7do marr\u00ebveshje mes dy vendeve. Lavrov ka shtuar se jan\u00eb arritur rezultate mes dy vendeve me nd\u00ebrmjet\u00ebsimin e BE-s\u00eb, por nuk jan\u00eb zbatuar marr\u00ebveshjet e arritura.<\/p>\n<p><strong>Mehamed Veliu:<\/strong>\u00a0<em>Ju p\u00ebrmend\u00ebt Kosov\u00ebn n\u00eb fillim t\u00eb k\u00ebsaj konferenc\u00eb. Ka Rusia ndonj\u00eb arsye te re p\u00ebr t\u00eb mos njohur Kosov\u00ebn. A mendoni q\u00eb nj\u00eb dit\u00eb q\u00eb Rusia do t\u00eb njoh\u00eb Kosova. Nd\u00ebrsa p\u00ebr kryeministrin Rama: E di q\u00eb q\u00ebllimi \u00ebsht\u00eb Ukraina, por n\u00eb takimin me ministrin Lavrov, a ka pasur ndonj\u00eb k\u00ebrkes\u00eb p\u00ebr Kosov\u00ebn.<\/em><\/p>\n<p><strong>Lavrov:<\/strong>\u00a0<em>Do t\u00eb p\u00ebrpiqem q\u00eb t\u2019ju korrigjoj paska.<\/em>\u00a0<em>Ju pyetet n\u00ebse un\u00eb mund t\u00eb t\u00eb mendoj ndonj\u00eb dat\u00eb q\u00eb Rusia mund t\u00eb njoh\u00eb Kosov\u00ebn. \u00cbsht\u00eb ajo q\u00eb tha kryeministri Rama, duhet t\u00eb ket\u00eb zbatim p\u00ebr at\u00eb q\u00eb bihet dakord. Ky \u00ebsht\u00eb q\u00ebndrimi yn\u00eb n\u00eb raport me Kosov\u00ebn. Ka nj\u00eb rezolut\u00eb 1244 p\u00ebr Kosov\u00ebn q\u00eb \u00ebsht\u00eb miratuar. Ka nj\u00eb s\u00ebr\u00eb marr\u00ebveshjesh mes Beogradit dhe Prishtin\u00ebs, me nd\u00ebrmjet\u00ebsimin e BE-s, p\u00ebrfshir\u00eb krijimin e asosacioneve t\u00eb bashk\u00ebsive serbe n\u00eb Kosov\u00eb. Krijimi i k\u00ebtyre bashk\u00ebsive do t\u00eb ishte nj\u00eb hap p\u00ebrpara p\u00ebr t\u00eb siguruar respektimin e t\u00eb drejtave t\u00eb serb\u00ebve n\u00eb enklavat n\u00eb Kosov\u00eb. Marr\u00ebveshja \u00ebsht\u00eb arritur s\u00eb paku 6 vjet m\u00eb par\u00eb. Por Prishtina refuzon q\u00eb t\u00eb respektoj\u00eb detyrimet dhe ne do t\u00eb pranojm\u00eb \u00e7do zgjidhej q\u00eb arrihet mes Kosov\u00eb-Serbis\u00eb, ne e promovojm\u00eb k\u00ebt\u00eb dialog, por p\u00ebr fat t\u00eb keq koleg\u00ebt tan\u00eb nga BE, t\u00eb cil\u00ebt kan\u00eb vendosur t\u00eb jen\u00eb nd\u00ebrmjet\u00ebs, kan\u00eb arritur disa rezultate, por nuk kan\u00eb arritur t\u00eb zbatojn\u00eb implementim e k\u00ebtyre marr\u00ebveshjeve. Megjithat\u00eb, k\u00ebmb\u00ebngul q\u00eb kjo \u00e7\u00ebshtje do t\u00eb zgjidhet n\u00eb baz\u00eb t\u00eb marr\u00ebveshjeve q\u00eb jan\u00eb arritur dhe asaj q\u00eb \u00ebsht\u00eb miratuar n\u00eb OKB.<\/em><\/p>\n<p><strong>Rama:<\/strong>\u00a0<em>Po e kemi diskutuar dhe po e flasim me ju publikisht, dhe p\u00ebr k\u00ebt\u00eb \u00e7\u00ebshtje jemi shum\u00eb larg, pasi q\u00ebndrimi yn\u00eb \u00ebsht\u00eb shum\u00eb i qart\u00eb. Un\u00eb mendoj se \u00ebsht\u00eb n\u00eb t\u00eb mir\u00eb t\u00eb gjithkujt, edhe t\u00eb Serbis\u00eb, ta njoh\u00eb Kosov\u00ebn si\u00e7 \u00ebsht\u00eb. Kjo nuk p\u00ebrjashton, n\u00eb t\u00eb kund\u00ebrt, ne e kemi mb\u00ebshtetur gjat\u00eb gjith\u00eb koh\u00ebn dialogun dhe mir\u00ebkuptimin, dhe realizimin e k\u00ebsaj njohjeje. Por jo duke e nisur me parimin e gabuar se kjo njohje nuk ka ndodhur asnj\u00ebher\u00eb, sepse kjo \u00ebsht\u00eb q\u00eb ta nisim nga nj\u00eb pik\u00eb ku nuk mund t\u00eb ecim p\u00ebrpara. Ashtu si\u00e7 tha ministri, ka pasur shum\u00eb aspekte t\u00eb dialogut t\u00eb materializuara n\u00eb marr\u00ebveshje q\u00eb nuk e kan\u00eb par\u00eb drit\u00ebn e realizimit. I shpjegova ministrit se ne na duhet t\u00eb rinisim procesin dhe t\u00eb kuptojm\u00eb, sepse kur b\u00ebhet fjal\u00eb p\u00ebr marr\u00ebveshjes, un\u00eb besoj pal\u00ebt gjithmon\u00eb faj\u00ebsojn\u00eb nj\u00ebri-tjetrin. Nuk do t\u2019i hyj\u00eb k\u00ebsaj p\u00ebr \u00ebt th\u00ebn\u00eb se pala serbe nuk ka p\u00ebrmbushur marr\u00ebveshjet, pasi nuk e ndihmon procesin. P\u00ebr ta p\u00ebrmbyllur, un\u00eb do t\u2019i thoja ministrit opinionin tim, q\u00eb vullneti i njer\u00ebzve nuk mund t\u00eb jet\u00eb me standarde t\u00eb dyfishta kur b\u00ebhet fjal\u00eb p\u00ebr t\u00eb njohur apo p\u00ebr t\u00eb mos njohur \u00e7ka vullneti i njer\u00ebzve sjell n\u00eb jet\u00eb p\u00ebr popullatat. Dhe p\u00ebr nj\u00eb popullat\u00eb si ajo shqiptare q\u00eb ka jetuar n\u00eb Kosov\u00eb n\u00ebn sundimin e nj\u00eb shteti q\u00eb nuk e kishte zgjedhur, t\u00eb nj\u00eb diktature n\u00eb baz\u00eb. Nuk shoh arsye pse shtetet e tjera mund \u00ebt ndahen dhe t\u00eb ken\u00eb shtetet e tjera dhe Kosova jo. Megjithat\u00eb, ky \u00ebsht\u00eb nj\u00eb tjet\u00ebr kapitull i enciklopedis\u00eb. \u00a0<\/em><\/p>\n","protected":false},"excerpt":{"rendered":"<p>N\u00eb konferenc\u00ebn e p\u00ebrbashk\u00ebt p\u00ebr mediet me Ram\u00ebn, ministri i jasht\u00ebm rus Lavrov \u00ebsht\u00eb p\u00ebrgjigjur edhe p\u00ebr njohjen e Kosov\u00ebs. Pyetjes s\u00eb gazetarit Muhamed Veliu, n\u00ebse do ta njoh\u00eb ndonj\u00eb dit\u00eb Rusia Kosov\u00ebn, ai i ka dh\u00ebn\u00eb nj\u00eb evazive, duke th\u00ebn\u00eb se Rusia do t\u00eb respektoj\u00eb \u00e7do marr\u00ebveshje mes dy vendeve. Lavrov ka shtuar se [&hellip;]<\/p>\n","protected":false},"author":2013,"featured_media":122546,"comment_status":"open","ping_status":"closed","sticky":false,"template":"","format":"standard","meta":{"footnotes":""},"categories":[241,235],"tags":[],"class_list":{"0":"post-122803","1":"post","2":"type-post","3":"status-publish","4":"format-standard","5":"has-post-thumbnail","7":"category-aktualitet","8":"category-vendi"},"_links":{"self":[{"href":"https:\/\/zjarr.tv\/sq\/wp-json\/wp\/v2\/posts\/122803","targetHints":{"allow":["GET"]}}],"collection":[{"href":"https:\/\/zjarr.tv\/sq\/wp-json\/wp\/v2\/posts"}],"about":[{"href":"https:\/\/zjarr.tv\/sq\/wp-json\/wp\/v2\/types\/post"}],"author":[{"embeddable":true,"href":"https:\/\/zjarr.tv\/sq\/wp-json\/wp\/v2\/users\/2013"}],"replies":[{"embeddable":true,"href":"https:\/\/zjarr.tv\/sq\/wp-json\/wp\/v2\/comments?post=122803"}],"version-history":[{"count":0,"href":"https:\/\/zjarr.tv\/sq\/wp-json\/wp\/v2\/posts\/122803\/revisions"}],"wp:featuredmedia":[{"embeddable":true,"href":"https:\/\/zjarr.tv\/sq\/wp-json\/wp\/v2\/media\/122546"}],"wp:attachment":[{"href":"https:\/\/zjarr.tv\/sq\/wp-json\/wp\/v2\/media?parent=122803"}],"wp:term":[{"taxonomy":"category","embeddable":true,"href":"https:\/\/zjarr.tv\/sq\/wp-json\/wp\/v2\/categories?post=122803"},{"taxonomy":"post_tag","embeddable":true,"href":"https:\/\/zjarr.tv\/sq\/wp-json\/wp\/v2\/tags?post=122803"}],"curies":[{"name":"wp","href":"https:\/\/api.w.org\/{rel}","templated":true}]}}