{"id":122805,"date":"2020-02-26T14:58:39","date_gmt":"2020-02-26T13:58:39","guid":{"rendered":"https:\/\/zjarr.tv\/?p=122805"},"modified":"2020-02-26T14:58:39","modified_gmt":"2020-02-26T13:58:39","slug":"urdhri-i-farmacisteve-tregon-pse-u-rrit-cmimi-i-maskave-kina-ktheu-mbrapsht-furnizimin","status":"publish","type":"post","link":"https:\/\/zjarr.tv\/sq\/urdhri-i-farmacisteve-tregon-pse-u-rrit-cmimi-i-maskave-kina-ktheu-mbrapsht-furnizimin\/","title":{"rendered":"Urdhri i Farmacist\u00ebve tregon pse u rrit \u00e7mimi i maskave: Kina ktheu mbrapsht furnizimin"},"content":{"rendered":"<p>Pas shqet\u00ebsimit t\u00eb ngritur p\u00ebr rritjen e \u00e7mimit t\u00eb maskave,\u00a0reagon edhe kreu u Farmacist\u00ebve Shqiptar\u00eb, Diana Toma.<\/p>\n<p>Diana Toma shprehet se rritja e cimeve ka ardhur pasi depot i kan\u00eb shitur produktet me \u00e7mime m\u00eb t\u00eb larta.<\/p>\n<p>Ajo ka shtuar se Kina ka k\u00ebrkuar q\u00eb t\u00eb kthehen mbrapsht maskat q\u00eb jan\u00eb importuar m\u00eb her\u00ebt dhe nuk ka sjell\u00eb furnizime t\u00eb tjera.<\/p>\n<p><strong>Diana Toma:<\/strong>\u00a0<em>Rritja e \u00e7mimeve ka ardhur pasi depot i kan\u00eb shitur produktet me \u00e7mime m\u00eb t\u00eb larta, farmacist\u00ebt kan\u00eb faturat p\u00ebr k\u00ebt\u00eb. Pas shp\u00ebrthimit t\u00eb epidemis\u00eb, Kina ka k\u00ebrkuar q\u00eb t&#8217;i kthehen mbrapsht maskat q\u00eb m\u00eb her\u00ebt ka importuar dhe nuk ka sjell\u00eb furnizime t\u00eb tjera. P\u00ebr pasoj\u00eb, depot furnizohen nga vendet e rajonit. Nuk mund t\u00eb jap nj\u00eb afat p\u00ebr uljen e \u00e7mimeve pasi kjo do t\u00eb varet nga nd\u00ebrhyrja e institucioneve t\u00eb tjera shtet\u00ebrore<\/em><\/p>\n<p>Situata me koronavirusin n\u00eb Itali ka p\u00ebrhapur jo pak panik dhe te qytetar\u00ebt shqiptar\u00eb.<\/p>\n<p>Ata kan\u00eb nxituar q\u00eb t\u00eb blejn\u00eb maska mbrojt\u00ebse dhe dezinfektant\u00eb, por n\u00eb farmaci k\u00ebto produkte kan\u00eb munguar, nd\u00ebrsa ato pak q\u00eb kan\u00eb mbetur, jan\u00eb shitur me \u00e7mime t\u00eb shum\u00ebfishuara.<\/p>\n","protected":false},"excerpt":{"rendered":"<p>Pas shqet\u00ebsimit t\u00eb ngritur p\u00ebr rritjen e \u00e7mimit t\u00eb maskave,\u00a0reagon edhe kreu u Farmacist\u00ebve Shqiptar\u00eb, Diana Toma. Diana Toma shprehet se rritja e cimeve ka ardhur pasi depot i kan\u00eb shitur produktet me \u00e7mime m\u00eb t\u00eb larta. Ajo ka shtuar se Kina ka k\u00ebrkuar q\u00eb t\u00eb kthehen mbrapsht maskat q\u00eb jan\u00eb importuar m\u00eb her\u00ebt dhe [&hellip;]<\/p>\n","protected":false},"author":2013,"featured_media":0,"comment_status":"open","ping_status":"closed","sticky":false,"template":"","format":"standard","meta":{"footnotes":""},"categories":[241,235],"tags":[],"class_list":{"0":"post-122805","1":"post","2":"type-post","3":"status-publish","4":"format-standard","6":"category-aktualitet","7":"category-vendi"},"_links":{"self":[{"href":"https:\/\/zjarr.tv\/sq\/wp-json\/wp\/v2\/posts\/122805","targetHints":{"allow":["GET"]}}],"collection":[{"href":"https:\/\/zjarr.tv\/sq\/wp-json\/wp\/v2\/posts"}],"about":[{"href":"https:\/\/zjarr.tv\/sq\/wp-json\/wp\/v2\/types\/post"}],"author":[{"embeddable":true,"href":"https:\/\/zjarr.tv\/sq\/wp-json\/wp\/v2\/users\/2013"}],"replies":[{"embeddable":true,"href":"https:\/\/zjarr.tv\/sq\/wp-json\/wp\/v2\/comments?post=122805"}],"version-history":[{"count":0,"href":"https:\/\/zjarr.tv\/sq\/wp-json\/wp\/v2\/posts\/122805\/revisions"}],"wp:attachment":[{"href":"https:\/\/zjarr.tv\/sq\/wp-json\/wp\/v2\/media?parent=122805"}],"wp:term":[{"taxonomy":"category","embeddable":true,"href":"https:\/\/zjarr.tv\/sq\/wp-json\/wp\/v2\/categories?post=122805"},{"taxonomy":"post_tag","embeddable":true,"href":"https:\/\/zjarr.tv\/sq\/wp-json\/wp\/v2\/tags?post=122805"}],"curies":[{"name":"wp","href":"https:\/\/api.w.org\/{rel}","templated":true}]}}