{"id":122811,"date":"2020-02-26T15:39:29","date_gmt":"2020-02-26T14:39:29","guid":{"rendered":"https:\/\/zjarr.tv\/?p=122811"},"modified":"2020-02-26T15:39:29","modified_gmt":"2020-02-26T14:39:29","slug":"dule-rama-kerkon-te-tjetersoje-tokat-ne-bregdet-ne-interes-te-oligarkeve","status":"publish","type":"post","link":"https:\/\/zjarr.tv\/sq\/dule-rama-kerkon-te-tjetersoje-tokat-ne-bregdet-ne-interes-te-oligarkeve\/","title":{"rendered":"Dule: Rama k\u00ebrkon t\u00eb tjet\u00ebrsoj\u00eb tokat n\u00eb bregdet n\u00eb interes t\u00eb oligark\u00ebve"},"content":{"rendered":"<p>Kreu i PBDNJ-s\u00eb, Vangjel Duke akuzon kryeministrin Rama se po p\u00ebrgatitet t\u00eb kaloj\u00eb n\u00eb procedur\u00eb parlamentare projektligjin p\u00ebr pronat.<\/p>\n<p>N\u00eb nj\u00eb deklarat\u00eb p\u00ebr mediat, Dule shprehet se Rama po i hap rrug\u00eb p\u00ebrmbushjes s\u00eb objektivit t\u00eb tij strategjik p\u00ebr tjet\u00ebrsimin e statusit pron\u00ebsor, kryesisht n\u00eb bregdet.<\/p>\n<p><strong>Vangjel Dule:<\/strong><em>\u00a0Konstatojm\u00eb me keqardhje se qeveria n\u00eb shkelje t\u00eb hapur t\u00eb \u00e7do parimi transparenc\u00eb po p\u00ebrgatitet q\u00eb t\u00eb p\u00ebrfshij\u00eb n\u00eb procedur\u00eb parlamentare pr\/ligjin e sip\u00ebrp\u00ebrmendur, pa e konsultuar me grupet e interesit dhe pa zhvilluar asnj\u00eb debat publik n\u00eb lidhje me t\u00eb. Duke v\u00ebn\u00eb p\u00ebrpara faktit t\u00eb kryer me dhjet\u00ebra mij\u00ebra qytetar\u00eb dhe komunitete q\u00eb humbasin p\u00ebrfundimisht pronat e tyre, por edhe t\u00eb drejt\u00ebn ligjore t\u00eb pretendimin e saj. Qeveria e zotit Rama, synon q\u00eb duke injoruar pushtetin vendor, por edhe sistemin e drejt\u00ebsis\u00eb, ta shnd\u00ebrroj\u00eb trajtimin e pron\u00ebs n\u00eb nj\u00eb domen ekskluziv t\u00eb tij. N\u00eb m\u00ebnyr\u00eb t\u00eb ve\u00e7ant\u00eb, n\u00ebp\u00ebrmjet k\u00ebtij ligji Rama i hap rrug\u00ebn p\u00ebrmbushjes s\u00eb objektivit t\u00eb tij strategjik p\u00ebr tjet\u00ebrsimin e statusit pron\u00ebsor kryesisht n\u00eb bregdet, por edhe n\u00eb t\u00eb gjith\u00eb vendin duke i privuar pron\u00ebn pronar\u00ebve t\u00eb ligjsh\u00ebm dhe duke e v\u00ebn\u00eb at\u00eb n\u00eb sh\u00ebrbim t\u00eb interesave t\u00eb oligark\u00ebve, klient\u00eb t\u00eb pushtetit t\u00eb tij personal.<\/em><\/p>\n","protected":false},"excerpt":{"rendered":"<p>Kreu i PBDNJ-s\u00eb, Vangjel Duke akuzon kryeministrin Rama se po p\u00ebrgatitet t\u00eb kaloj\u00eb n\u00eb procedur\u00eb parlamentare projektligjin p\u00ebr pronat. N\u00eb nj\u00eb deklarat\u00eb p\u00ebr mediat, Dule shprehet se Rama po i hap rrug\u00eb p\u00ebrmbushjes s\u00eb objektivit t\u00eb tij strategjik p\u00ebr tjet\u00ebrsimin e statusit pron\u00ebsor, kryesisht n\u00eb bregdet. Vangjel Dule:\u00a0Konstatojm\u00eb me keqardhje se qeveria n\u00eb shkelje t\u00eb [&hellip;]<\/p>\n","protected":false},"author":2013,"featured_media":122812,"comment_status":"open","ping_status":"closed","sticky":false,"template":"","format":"standard","meta":{"footnotes":""},"categories":[241,235],"tags":[],"class_list":{"0":"post-122811","1":"post","2":"type-post","3":"status-publish","4":"format-standard","5":"has-post-thumbnail","7":"category-aktualitet","8":"category-vendi"},"_links":{"self":[{"href":"https:\/\/zjarr.tv\/sq\/wp-json\/wp\/v2\/posts\/122811","targetHints":{"allow":["GET"]}}],"collection":[{"href":"https:\/\/zjarr.tv\/sq\/wp-json\/wp\/v2\/posts"}],"about":[{"href":"https:\/\/zjarr.tv\/sq\/wp-json\/wp\/v2\/types\/post"}],"author":[{"embeddable":true,"href":"https:\/\/zjarr.tv\/sq\/wp-json\/wp\/v2\/users\/2013"}],"replies":[{"embeddable":true,"href":"https:\/\/zjarr.tv\/sq\/wp-json\/wp\/v2\/comments?post=122811"}],"version-history":[{"count":0,"href":"https:\/\/zjarr.tv\/sq\/wp-json\/wp\/v2\/posts\/122811\/revisions"}],"wp:featuredmedia":[{"embeddable":true,"href":"https:\/\/zjarr.tv\/sq\/wp-json\/wp\/v2\/media\/122812"}],"wp:attachment":[{"href":"https:\/\/zjarr.tv\/sq\/wp-json\/wp\/v2\/media?parent=122811"}],"wp:term":[{"taxonomy":"category","embeddable":true,"href":"https:\/\/zjarr.tv\/sq\/wp-json\/wp\/v2\/categories?post=122811"},{"taxonomy":"post_tag","embeddable":true,"href":"https:\/\/zjarr.tv\/sq\/wp-json\/wp\/v2\/tags?post=122811"}],"curies":[{"name":"wp","href":"https:\/\/api.w.org\/{rel}","templated":true}]}}