{"id":122814,"date":"2020-02-26T15:42:14","date_gmt":"2020-02-26T14:42:14","guid":{"rendered":"https:\/\/zjarr.tv\/?p=122814"},"modified":"2020-02-26T15:42:14","modified_gmt":"2020-02-26T14:42:14","slug":"pd-heshtja-e-qeverise-tregues-se-nuk-ka-kontroll-mbi-shkollat-shahini-duhet-te-ishte-shkarkuar","status":"publish","type":"post","link":"https:\/\/zjarr.tv\/sq\/pd-heshtja-e-qeverise-tregues-se-nuk-ka-kontroll-mbi-shkollat-shahini-duhet-te-ishte-shkarkuar\/","title":{"rendered":"PD: Heshtja e qeveris\u00eb, tregues se nuk ka kontroll mbi shkollat. Shahini duhet t\u00eb ishte shkarkuar"},"content":{"rendered":"<p>Partia Demokratike deklaron se heshtja e qeveris\u00eb duke mos e d\u00ebnuar abuzimin seksual t\u00eb nj\u00eb m\u00ebsuesi me nx\u00ebn\u00ebsen e mitur n\u00eb nj\u00eb shkoll\u00eb t\u00eb Fierit \u00ebsht\u00eb tregues se qeveria nuk ka m\u00eb kontrollin mbi shkollat. Ish-deputetja e PD Oriola Pampuri tha sot se Ministrja e Arsimit Besa Shahini duhet t\u00eb ishte shkarkuar.<\/p>\n<p>Sipas Pampurit, ky rast i r\u00ebnd\u00eb, duke mos qen\u00eb nj\u00eb rast i ve\u00e7uar, nxjerr nj\u00eb nga problemet m\u00eb t\u00eb thella dhe m\u00eb t\u00eb r\u00ebnda t\u00eb shoq\u00ebris\u00eb\u2013 me politizimin kapilar t\u00eb sistemit arsimor, shkolla po humbet rolin edukativ, m\u00ebsimor dhe m\u00ebsuesi nuk po shihet m\u00eb si model p\u00ebr shoq\u00ebrin\u00eb.<\/p>\n<p>\u201cPartia Demokratike e k\u00ebrkon shkarkimin e Besa Shahinit n\u00eb mbrojtje t\u00eb f\u00ebmij\u00ebve, p\u00ebr t\u2019u b\u00ebr\u00eb z\u00ebri i \u00e7do vajze dhe i \u00e7do djali t\u00eb mitur q\u00eb ngacmohet n\u00eb shkoll\u00eb nga m\u00ebsuesit, i \u00e7do f\u00ebmije dhe prind\u00ebrve t\u00eb tyre, q\u00eb nuk gjejn\u00eb siguri dhe mb\u00ebshtetje nga drejtuesit partiak\u00eb t\u00eb shkollave\u201d, deklaroi Pampuri.<\/p>\n<p>DEKLARAT\u00cb E PARTIS\u00cb DEMOKRATIKE<br \/>\nEmisioni investigativ \u201cStop\u201d ka treguar para shqiptar\u00ebve me nj\u00eb seri denoncimesh t\u00eb abuzimit seksual me f\u00ebmij\u00ebt n\u00eb shkoll\u00ebn e muzik\u00ebs n\u00eb Fier se sistemi arsimor \u00ebsht\u00eb degraduar nga politizimi dhe paprekshm\u00ebria e militant\u00ebve t\u00eb partis\u00eb n\u00eb pushtet.<\/p>\n<p>Rasti i shkoll\u00ebs n\u00eb Fier zbuloi nj\u00eb rrjet m\u00ebsuesish dhe drejtuesish t\u00eb shkoll\u00ebs, q\u00eb ishin n\u00eb dijeni t\u00eb abuzimit seksual me vajzat e mitura nga m\u00ebsuesit e shkoll\u00ebs dhe heshtnin. Sepse drejtoresha e shkoll\u00ebs, nj\u00eb militante politike, e em\u00ebruar nga partia socialiste, ishte bashk\u00ebshortja e nj\u00ebrit prej m\u00ebsuesve abuzues.<\/p>\n<p>Ky rast i r\u00ebnd\u00eb, i denoncuar nga emisioni investigativ Stop, duke mos qen\u00eb nj\u00eb rast i ve\u00e7uar, nxjerr nj\u00eb nga problemet m\u00eb t\u00eb thella dhe m\u00eb t\u00eb r\u00ebnda t\u00eb shoq\u00ebris\u00eb \u2013 me politizimin kapilar t\u00eb sistemit arsimor, shkolla po humbet rolin edukativ, m\u00ebsimor dhe m\u00ebsuesi nuk po shihet m\u00eb si model p\u00ebr shoq\u00ebrin\u00eb.<\/p>\n<p>Rasti i abuzimit seksual n\u00eb bashk\u00ebpunim n\u00eb shkoll\u00ebn e muzik\u00ebs n\u00eb Fier, heshtja e qeveris\u00eb duke mos e d\u00ebnuar k\u00ebt\u00eb ngjarje t\u00eb tmerrshme, akuzat e Ministres s\u00eb Arsimit ndaj denoncuesve t\u00eb skandalit jan\u00eb tregues t\u00eb drejtp\u00ebrdrejt\u00eb se qeveria nuk ka m\u00eb kontrollin mbi shkollat dhe, p\u00ebr shkak t\u00eb em\u00ebrimeve partiake, i fsheh problemet.<br \/>\nN\u00eb pap\u00ebrgjegjshm\u00ebri politike dhe njer\u00ebzore, Ministrja doli n\u00eb krah t\u00eb abuzuesve dhe sulmoi denoncuesit, duke p\u00ebrforcuar dyshimet se ka qen\u00eb n\u00eb dijeni t\u00eb ngjarjeve dhe ka fshehur t\u00eb v\u00ebrtet\u00ebn.<\/p>\n<p>Rasti i abuzimit seksual nga m\u00ebsuesit me f\u00ebmij\u00ebt n\u00eb shkolla apo keqtrajtimit t\u00eb tyre nuk \u00ebsht\u00eb rast i izoluar. Por edhe sikur t\u00eb ishte nj\u00eb i vet\u00ebm, Ministrja e Arsimit duhet t\u00eb ishte shkarkuar. Jo pse nuk mundi t\u00eb parandaloj\u00eb nj\u00eb skandal t\u00eb till\u00eb, por se e fshehu at\u00eb dhe sot akoma nuk ka asnj\u00eb q\u00ebndrim q\u00eb t\u00eb tregoj\u00eb distancim nga abuzuesit n\u00eb shkolla, militant\u00eb t\u00eb partis\u00eb n\u00eb pushtet.<\/p>\n<p>Partia Demokratike e k\u00ebrkon shkarkimin e Besa Shahinit n\u00eb mbrojtje t\u00eb f\u00ebmij\u00ebve, p\u00ebr t\u2019u b\u00ebr\u00eb z\u00ebri i \u00e7do vajze dhe i \u00e7do djali t\u00eb mitur q\u00eb ngacmohet n\u00eb shkoll\u00eb nga m\u00ebsuesit, i \u00e7do f\u00ebmije dhe prind\u00ebrve t\u00eb tyre, q\u00eb nuk gjejn\u00eb siguri dhe mb\u00ebshtetje nga drejtuesit partiak\u00eb t\u00eb shkollave.<\/p>\n<p>Ajo q\u00eb ka ndodhur n\u00eb Fier mund ta shohim edhe n\u00eb filma, si\u00e7 thot\u00eb nj\u00ebra nga ministret e Edi Ram\u00ebs, port \u00eb pakt\u00ebn n\u00eb filma, dikush mban p\u00ebrgjegj\u00ebsi. Nd\u00ebrsa n\u00eb filmin horror t\u00eb rilindjes s\u00eb Edi Ram\u00ebs, abuzuesit e f\u00ebmij\u00ebve, drejtuesit q\u00eb i fshehin k\u00ebto ngjarje t\u00eb r\u00ebnda, mbrohen nga Ministrja e Arsimit.<\/p>\n","protected":false},"excerpt":{"rendered":"<p>Partia Demokratike deklaron se heshtja e qeveris\u00eb duke mos e d\u00ebnuar abuzimin seksual t\u00eb nj\u00eb m\u00ebsuesi me nx\u00ebn\u00ebsen e mitur n\u00eb nj\u00eb shkoll\u00eb t\u00eb Fierit \u00ebsht\u00eb tregues se qeveria nuk ka m\u00eb kontrollin mbi shkollat. Ish-deputetja e PD Oriola Pampuri tha sot se Ministrja e Arsimit Besa Shahini duhet t\u00eb ishte shkarkuar. Sipas Pampurit, ky [&hellip;]<\/p>\n","protected":false},"author":2013,"featured_media":122815,"comment_status":"open","ping_status":"closed","sticky":false,"template":"","format":"standard","meta":{"footnotes":""},"categories":[241,235],"tags":[],"class_list":{"0":"post-122814","1":"post","2":"type-post","3":"status-publish","4":"format-standard","5":"has-post-thumbnail","7":"category-aktualitet","8":"category-vendi"},"_links":{"self":[{"href":"https:\/\/zjarr.tv\/sq\/wp-json\/wp\/v2\/posts\/122814","targetHints":{"allow":["GET"]}}],"collection":[{"href":"https:\/\/zjarr.tv\/sq\/wp-json\/wp\/v2\/posts"}],"about":[{"href":"https:\/\/zjarr.tv\/sq\/wp-json\/wp\/v2\/types\/post"}],"author":[{"embeddable":true,"href":"https:\/\/zjarr.tv\/sq\/wp-json\/wp\/v2\/users\/2013"}],"replies":[{"embeddable":true,"href":"https:\/\/zjarr.tv\/sq\/wp-json\/wp\/v2\/comments?post=122814"}],"version-history":[{"count":0,"href":"https:\/\/zjarr.tv\/sq\/wp-json\/wp\/v2\/posts\/122814\/revisions"}],"wp:featuredmedia":[{"embeddable":true,"href":"https:\/\/zjarr.tv\/sq\/wp-json\/wp\/v2\/media\/122815"}],"wp:attachment":[{"href":"https:\/\/zjarr.tv\/sq\/wp-json\/wp\/v2\/media?parent=122814"}],"wp:term":[{"taxonomy":"category","embeddable":true,"href":"https:\/\/zjarr.tv\/sq\/wp-json\/wp\/v2\/categories?post=122814"},{"taxonomy":"post_tag","embeddable":true,"href":"https:\/\/zjarr.tv\/sq\/wp-json\/wp\/v2\/tags?post=122814"}],"curies":[{"name":"wp","href":"https:\/\/api.w.org\/{rel}","templated":true}]}}