{"id":122824,"date":"2020-02-27T11:45:59","date_gmt":"2020-02-27T10:45:59","guid":{"rendered":"https:\/\/zjarr.tv\/?p=122824"},"modified":"2020-02-27T11:45:59","modified_gmt":"2020-02-27T10:45:59","slug":"aleanca-per-mbrojtjen-e-teatrit-kallezon-penalisht-arbian-maznikun","status":"publish","type":"post","link":"https:\/\/zjarr.tv\/sq\/aleanca-per-mbrojtjen-e-teatrit-kallezon-penalisht-arbian-maznikun\/","title":{"rendered":"Aleanca p\u00ebr Mbrojtjen e Teatrit kall\u00ebzon penalisht Arbian Maznikun"},"content":{"rendered":"<p>Aleanca p\u00ebr Mbrojtjen e Teatrit ka kall\u00ebzuar penalisht n\u00ebnkryetarin e bashkis\u00eb s\u00eb Tiran\u00ebs Arbian Mazniku. AMT shprehet se Mazniku ka shp\u00ebrdoruar detyr\u00ebn, pasi pranoi t`i paguhej fatura e hotelit nga firma \u201cFusha Shpk\u201d, nd\u00ebrkoh\u00eb q\u00eb kjo kompani ishte n\u00eb konflikt interesi me bashkin\u00eb.<\/p>\n<p><strong>Aktiviztja e Aleanc\u00ebs:\u00a0<\/strong><em>Mor\u00ebm nj\u00eb informacion, pasi prokurori i \u00e7\u00ebshtjes nuk ka pranuar pushimin e \u00e7\u00ebshtjes. Ne kemi ngritur nj\u00eb kall\u00ebzim penal t\u00eb bazuar n\u00eb ligj dhe prova. \u00cbsht\u00eb nj\u00eb kall\u00ebzim penal i bazuar n\u00eb ligj dhe n\u00eb prova. Vet\u00eb t\u00eb kall\u00ebzuarit prej nesh e kan\u00eb pranuar n\u00eb prokuri q\u00eb bileta me shifra ekstreme me 900 euro nata \u00ebsht\u00eb paguar nga administratori i \u201cFusha shpak\u201d, q\u00eb ishte n\u00eb konflikt interesi me Bashkin\u00eb e Tiran\u00ebs. Ne na rezulton q\u00eb \u201cFusha shpak\u201d, duke qen\u00eb se b\u00ebnt\u00eb t\u00eb tilla pagesa korruptive, merrte si shp\u00ebrblim 50% t\u00eb tenderave q\u00eb jepte kjo bashki. Ne i k\u00ebrkojm\u00eb KLP-s\u00eb t\u00eb hetoj\u00eb k\u00ebt\u00eb dosje dhe na duket shum\u00eb absurde vendos drejtuesja e komanduar e Prokuris\u00eb s\u00eb Tiran\u00ebs.\u00a0<\/em><\/p>\n<p><em>Prokurori i \u00e7\u00ebshtjes nuk pranon pushimin, nd\u00ebrsa drejtuesja e prokuroris\u00eb vendos k\u00ebrkes\u00ebn p\u00ebr pushim t\u00eb k\u00ebtij gjykimit. Realisht nuk \u00ebsht\u00eb b\u00ebr asnj\u00eb hetim. Ne do b\u00ebjm\u00eb parashtrimet me objekt materiale. Nuk mund t\u00eb thuash ti n nj\u00eb institucion shtet\u00ebror q\u00eb nuk kishim koh\u00eb ne t\u00eb b\u00ebnim pages\u00ebn. Zyrtari \u00ebsht\u00eb i ndaluar me ligj p\u00ebr t\u00eb b\u00ebr\u00eb parages\u00ebn. . Ne do k\u00ebrkojm\u00eb rikthimin e dosjes dhe hetimin. Kemi kall\u00ebzuar n\u00ebnkryetarin e bashkis\u00eb Arbion Maznikun sepse \u00ebsht\u00eb n\u00eb konflikt interesi.\u00a0<\/em><\/p>\n<p><em>Ka kryer korrupsion t\u00eb lart\u00eb duke pranuar pages\u00ebn e nj\u00eb tarife ekstreme. P\u00ebr ne ka dyshime t\u00eb arsyeshme se ka kryer vepr\u00ebn penale t\u00eb shp\u00ebrdorimit t\u00eb detyr\u00ebs. Nga ana tjet\u00ebr kemi kall\u00ebzuar dhe administratorin e \u201cFush Shpk\u201d pasi ka dyshime t\u00eb arsyeshme se ka kryer korrupsion. Kemi shum\u00eb besim te drejt\u00ebsia, ne kemi dyshime se ky veprim ka ndodhur me dhjet\u00ebra raste n\u00eb bashkin\u00eb e Tiran\u00ebs. Ne na b\u00ebri shum\u00eb p\u00ebrshtypje, q\u00eb p\u00ebrpos faktit q\u00eb nuk ishte prokurori q\u00eb ka refuzuar pushimin e \u00e7\u00ebshtjes, nuk ishte as drejtuesja e Prokuroris\u00eb s\u00eb Tiran\u00ebs q\u00eb ka firmosur n\u00eb m\u00ebnyr\u00eb t\u00eb kundraligjshme pushimin e \u00e7\u00ebshtjes.\u00a0<\/em><\/p>\n","protected":false},"excerpt":{"rendered":"<p>Aleanca p\u00ebr Mbrojtjen e Teatrit ka kall\u00ebzuar penalisht n\u00ebnkryetarin e bashkis\u00eb s\u00eb Tiran\u00ebs Arbian Mazniku. AMT shprehet se Mazniku ka shp\u00ebrdoruar detyr\u00ebn, pasi pranoi t`i paguhej fatura e hotelit nga firma \u201cFusha Shpk\u201d, nd\u00ebrkoh\u00eb q\u00eb kjo kompani ishte n\u00eb konflikt interesi me bashkin\u00eb. Aktiviztja e Aleanc\u00ebs:\u00a0Mor\u00ebm nj\u00eb informacion, pasi prokurori i \u00e7\u00ebshtjes nuk ka pranuar [&hellip;]<\/p>\n","protected":false},"author":2013,"featured_media":81066,"comment_status":"open","ping_status":"closed","sticky":false,"template":"","format":"standard","meta":{"footnotes":""},"categories":[241,235],"tags":[],"class_list":{"0":"post-122824","1":"post","2":"type-post","3":"status-publish","4":"format-standard","5":"has-post-thumbnail","7":"category-aktualitet","8":"category-vendi"},"_links":{"self":[{"href":"https:\/\/zjarr.tv\/sq\/wp-json\/wp\/v2\/posts\/122824","targetHints":{"allow":["GET"]}}],"collection":[{"href":"https:\/\/zjarr.tv\/sq\/wp-json\/wp\/v2\/posts"}],"about":[{"href":"https:\/\/zjarr.tv\/sq\/wp-json\/wp\/v2\/types\/post"}],"author":[{"embeddable":true,"href":"https:\/\/zjarr.tv\/sq\/wp-json\/wp\/v2\/users\/2013"}],"replies":[{"embeddable":true,"href":"https:\/\/zjarr.tv\/sq\/wp-json\/wp\/v2\/comments?post=122824"}],"version-history":[{"count":0,"href":"https:\/\/zjarr.tv\/sq\/wp-json\/wp\/v2\/posts\/122824\/revisions"}],"wp:featuredmedia":[{"embeddable":true,"href":"https:\/\/zjarr.tv\/sq\/wp-json\/wp\/v2\/media\/81066"}],"wp:attachment":[{"href":"https:\/\/zjarr.tv\/sq\/wp-json\/wp\/v2\/media?parent=122824"}],"wp:term":[{"taxonomy":"category","embeddable":true,"href":"https:\/\/zjarr.tv\/sq\/wp-json\/wp\/v2\/categories?post=122824"},{"taxonomy":"post_tag","embeddable":true,"href":"https:\/\/zjarr.tv\/sq\/wp-json\/wp\/v2\/tags?post=122824"}],"curies":[{"name":"wp","href":"https:\/\/api.w.org\/{rel}","templated":true}]}}