{"id":122830,"date":"2020-02-27T11:50:25","date_gmt":"2020-02-27T10:50:25","guid":{"rendered":"https:\/\/zjarr.tv\/?p=122830"},"modified":"2020-02-27T11:50:25","modified_gmt":"2020-02-27T10:50:25","slug":"shtohet-misteri-ku-ndodhet-karantina-per-koronavirusin","status":"publish","type":"post","link":"https:\/\/zjarr.tv\/sq\/shtohet-misteri-ku-ndodhet-karantina-per-koronavirusin\/","title":{"rendered":"Shtohet misteri, ku ndodhet karantina p\u00ebr koronavirusin?"},"content":{"rendered":"<p>Autoritetet sh\u00ebndet\u00ebsore shqiptare vazhdojn\u00eb t\u00eb mbajn\u00eb sekret vendodhjen e karantin\u00ebs n\u00eb rast t\u00eb shfaqjes s\u00eb koronavirusit n\u00eb vend.<\/p>\n<p>Eugena Tomini, ekspertja e ISHP-s\u00eb nga Task-Forca p\u00ebr koronavirusin n\u00eb daljen e radh\u00ebs p\u00ebr mediat siguroi q\u00eb ajo nuk \u00ebsht\u00eb brenda QSUT.<\/p>\n<p><strong><em>Tomini:<\/em><\/strong><em>\u00a0Karantina nuk \u00ebsht\u00eb brenda QSUT, por ju garantoj se plot\u00ebson t\u00eb gjitha kushtet.<\/em><\/p>\n<p>Nd\u00ebrsa b\u00ebri p\u00ebrdit\u00ebsimet e t\u00eb dh\u00ebnave t\u00eb 24 or\u00ebve t\u00eb fundit, ajo tha \u00a0se dje jan\u00eb testuar kat\u00ebr raste t\u00eb dyshuara q\u00eb kan\u00eb rezultuar negativ.<\/p>\n<p><em><strong>Tomini:\u00a0<\/strong>Nga periudha e shfaqjes e epidemis\u00eb n\u00eb Kin\u00eb n\u00eb janar dhe deri mbr\u00ebmjen e djeshme jan\u00eb testuar 17 raste, q\u00eb kan\u00eb dal\u00eb negativ. 8 raste kan\u00eb pasur histori udh\u00ebtimi me Kin\u00ebn dhe 9 me Italin\u00eb. Nga t\u00eb gjitha pikat kufitare, n\u00eb \u00a024 or\u00ebt e fundit jan\u00eb vler\u00ebsuar 3500 udh\u00ebtar\u00eb q\u00eb kan\u00eb pasur histori udh\u00ebtimi n\u00eb vendet me transmetim t\u00eb shp\u00ebrtimit komunitar.<\/em><\/p>\n<p><em>Aktualisht n\u00eb aeroportin e Rinasit po kryhet monitorimi i temperatur\u00ebs p\u00ebr t\u00eb gjith\u00eb udh\u00ebtar\u00ebt q\u00eb udh\u00ebtojn\u00eb n\u00eb linjat me aeroportin e Shqip\u00ebris\u00eb. Rekomandojm\u00eb udh\u00ebtar\u00ebt q\u00eb kan\u00eb udh\u00ebtuar n\u00eb zonat e prekura dhe q\u00eb kan\u00eb pasur kontakte me persona t\u00eb s\u00ebmur\u00eb apo t\u00eb dyshuar me koronavirus t\u00eb vet\u00ebkarantinohen p\u00ebr nj\u00eb periudh\u00eb 14 ditore. T\u00eb telefojn\u00eb n\u00eb 127 p\u00ebr t\u00eb marr\u00eb udh\u00ebzimet e duhura.<\/em><\/p>\n<p><strong>Udh\u00ebtar\u00ebt nga Italia-\u00a0<\/strong>T\u00eb gjith\u00eb udh\u00ebtar\u00ebt vler\u00ebsohen p\u00ebr temperatur\u00ebn. Pjesa e popullat\u00ebs e futur n\u00eb karantin\u00eb n\u00eb veri t\u00eb Italis\u00eb nuk del nga karantina.<\/p>\n","protected":false},"excerpt":{"rendered":"<p>Autoritetet sh\u00ebndet\u00ebsore shqiptare vazhdojn\u00eb t\u00eb mbajn\u00eb sekret vendodhjen e karantin\u00ebs n\u00eb rast t\u00eb shfaqjes s\u00eb koronavirusit n\u00eb vend. Eugena Tomini, ekspertja e ISHP-s\u00eb nga Task-Forca p\u00ebr koronavirusin n\u00eb daljen e radh\u00ebs p\u00ebr mediat siguroi q\u00eb ajo nuk \u00ebsht\u00eb brenda QSUT. Tomini:\u00a0Karantina nuk \u00ebsht\u00eb brenda QSUT, por ju garantoj se plot\u00ebson t\u00eb gjitha kushtet. Nd\u00ebrsa b\u00ebri [&hellip;]<\/p>\n","protected":false},"author":2013,"featured_media":122697,"comment_status":"open","ping_status":"closed","sticky":false,"template":"","format":"standard","meta":{"footnotes":""},"categories":[241,235],"tags":[],"class_list":{"0":"post-122830","1":"post","2":"type-post","3":"status-publish","4":"format-standard","5":"has-post-thumbnail","7":"category-aktualitet","8":"category-vendi"},"_links":{"self":[{"href":"https:\/\/zjarr.tv\/sq\/wp-json\/wp\/v2\/posts\/122830","targetHints":{"allow":["GET"]}}],"collection":[{"href":"https:\/\/zjarr.tv\/sq\/wp-json\/wp\/v2\/posts"}],"about":[{"href":"https:\/\/zjarr.tv\/sq\/wp-json\/wp\/v2\/types\/post"}],"author":[{"embeddable":true,"href":"https:\/\/zjarr.tv\/sq\/wp-json\/wp\/v2\/users\/2013"}],"replies":[{"embeddable":true,"href":"https:\/\/zjarr.tv\/sq\/wp-json\/wp\/v2\/comments?post=122830"}],"version-history":[{"count":0,"href":"https:\/\/zjarr.tv\/sq\/wp-json\/wp\/v2\/posts\/122830\/revisions"}],"wp:featuredmedia":[{"embeddable":true,"href":"https:\/\/zjarr.tv\/sq\/wp-json\/wp\/v2\/media\/122697"}],"wp:attachment":[{"href":"https:\/\/zjarr.tv\/sq\/wp-json\/wp\/v2\/media?parent=122830"}],"wp:term":[{"taxonomy":"category","embeddable":true,"href":"https:\/\/zjarr.tv\/sq\/wp-json\/wp\/v2\/categories?post=122830"},{"taxonomy":"post_tag","embeddable":true,"href":"https:\/\/zjarr.tv\/sq\/wp-json\/wp\/v2\/tags?post=122830"}],"curies":[{"name":"wp","href":"https:\/\/api.w.org\/{rel}","templated":true}]}}