{"id":122843,"date":"2020-02-27T11:58:04","date_gmt":"2020-02-27T10:58:04","guid":{"rendered":"https:\/\/zjarr.tv\/?p=122843"},"modified":"2020-02-27T11:58:04","modified_gmt":"2020-02-27T10:58:04","slug":"moti-i-keq-vonon-nisjen-e-trageteve-durres-bari","status":"publish","type":"post","link":"https:\/\/zjarr.tv\/sq\/moti-i-keq-vonon-nisjen-e-trageteve-durres-bari\/","title":{"rendered":"Moti i keq vonon nisjen e trageteve Durr\u00ebs &#8211; Bari"},"content":{"rendered":"<p>Dy tragetet e linj\u00ebs Durr\u00ebs \u2013 Bari, t\u00eb cil\u00ebt nuk mund\u00ebn t\u00eb lundronin nat\u00ebn e kaluar drejt destinacionit p\u00ebr shkak t\u00eb er\u00ebs s\u00eb fort\u00eb me shpejt\u00ebsi deri n\u00eb 20 m\/sek, u nis\u00ebn sot n\u00eb m\u00ebngjes nga porti i Durr\u00ebsit, njoftoi Autoriteti Portual Durr\u00ebs.<\/p>\n<p>Sipas burimeve nga Qendra e Informacionit n\u00eb Autoritetin Portual, tragetet \u201cBari\u201d dhe \u201cAF Marina\u201d u nis\u00ebn sot rreth or\u00ebs 7.30 drejt portit t\u00eb Barit. Era e fuqishme gjat\u00eb nat\u00ebs s\u00eb kaluar, vonoi p\u00ebr rreth kat\u00ebr or\u00eb edhe tragetin \u201cAF Claudia\u201d, i cili u nis drejt Ankon\u00ebs pas nj\u00eb incidenti brenda basenit portual.<\/p>\n<p>Aktualisht n\u00eb portin e Durr\u00ebsit po p\u00ebrpunohen 5 anije, nj\u00eb pjes\u00eb e t\u00eb cilave vazhdojn\u00eb t\u00eb shkarkohen megjith\u00eb reshjet, q\u00eb bien her\u00eb pas here<\/p>\n<p>Sipas t\u00eb njejtit burim, n\u00eb anijet me konteiner\u00eb dhe skrap, p\u00ebrpunimi ka vijuar me nd\u00ebrprerje t\u00eb vogla edhe gjat\u00eb nat\u00ebs s\u00eb kaluar. Aktualisht drejtimi i er\u00ebs po ndryshon nga jugu drejt per\u00ebndimit dhe forca e saj gradualisht ka r\u00ebn\u00eb.<\/p>\n","protected":false},"excerpt":{"rendered":"<p>Dy tragetet e linj\u00ebs Durr\u00ebs \u2013 Bari, t\u00eb cil\u00ebt nuk mund\u00ebn t\u00eb lundronin nat\u00ebn e kaluar drejt destinacionit p\u00ebr shkak t\u00eb er\u00ebs s\u00eb fort\u00eb me shpejt\u00ebsi deri n\u00eb 20 m\/sek, u nis\u00ebn sot n\u00eb m\u00ebngjes nga porti i Durr\u00ebsit, njoftoi Autoriteti Portual Durr\u00ebs. Sipas burimeve nga Qendra e Informacionit n\u00eb Autoritetin Portual, tragetet \u201cBari\u201d dhe [&hellip;]<\/p>\n","protected":false},"author":2013,"featured_media":0,"comment_status":"open","ping_status":"closed","sticky":false,"template":"","format":"standard","meta":{"footnotes":""},"categories":[241,235],"tags":[],"class_list":{"0":"post-122843","1":"post","2":"type-post","3":"status-publish","4":"format-standard","6":"category-aktualitet","7":"category-vendi"},"_links":{"self":[{"href":"https:\/\/zjarr.tv\/sq\/wp-json\/wp\/v2\/posts\/122843","targetHints":{"allow":["GET"]}}],"collection":[{"href":"https:\/\/zjarr.tv\/sq\/wp-json\/wp\/v2\/posts"}],"about":[{"href":"https:\/\/zjarr.tv\/sq\/wp-json\/wp\/v2\/types\/post"}],"author":[{"embeddable":true,"href":"https:\/\/zjarr.tv\/sq\/wp-json\/wp\/v2\/users\/2013"}],"replies":[{"embeddable":true,"href":"https:\/\/zjarr.tv\/sq\/wp-json\/wp\/v2\/comments?post=122843"}],"version-history":[{"count":0,"href":"https:\/\/zjarr.tv\/sq\/wp-json\/wp\/v2\/posts\/122843\/revisions"}],"wp:attachment":[{"href":"https:\/\/zjarr.tv\/sq\/wp-json\/wp\/v2\/media?parent=122843"}],"wp:term":[{"taxonomy":"category","embeddable":true,"href":"https:\/\/zjarr.tv\/sq\/wp-json\/wp\/v2\/categories?post=122843"},{"taxonomy":"post_tag","embeddable":true,"href":"https:\/\/zjarr.tv\/sq\/wp-json\/wp\/v2\/tags?post=122843"}],"curies":[{"name":"wp","href":"https:\/\/api.w.org\/{rel}","templated":true}]}}