{"id":122849,"date":"2020-02-27T12:05:22","date_gmt":"2020-02-27T11:05:22","guid":{"rendered":"https:\/\/zjarr.tv\/?p=122849"},"modified":"2020-02-27T12:05:22","modified_gmt":"2020-02-27T11:05:22","slug":"tubimi-i-2-marsit-briken-calja-krah-metes-jam-me-presidentin-ne-manifestimin-historik","status":"publish","type":"post","link":"https:\/\/zjarr.tv\/sq\/tubimi-i-2-marsit-briken-calja-krah-metes-jam-me-presidentin-ne-manifestimin-historik\/","title":{"rendered":"Tubimi i 2 marsit, Briken Calja krah Met\u00ebs: Jam me Presidentin n\u00eb manifestimin historik"},"content":{"rendered":"<p>Shum\u00eb z\u00ebra i jan\u00eb bashkuar thirrjes s\u00eb Presidentit Ilir Meta p\u00ebr tubimin e 2 marsit.<\/p>\n<p>Nj\u00eb nd\u00ebr ta \u00ebsht\u00eb dhe pesh\u00ebngrit\u00ebsi Kampion Europ\u00eb Briken Calja, i cili me an\u00eb t\u00eb nj\u00eb reagmi n\u00eb rrjetet sociale shpreh mb\u00ebshtetjen ndaj Presidentit.<\/p>\n<p>Calja citon disa nga sloganet kryesore t\u00eb Presidentit Meta p\u00ebr mbrojtjen e Kushtetut\u00ebs dhe kund\u00ebr \u201cgrushtit t\u00eb shtetit\u201d.<\/p>\n<p><em>\u201cJam me presidentin, p\u00ebr Shqip\u00ebrin\u00eb, p\u00ebr kombin, p\u00ebr Kushtetut\u00ebn, n\u00eb manifestimin historik t\u00eb 2 marsit\u201d<\/em>, shkruan Calja.<\/p>\n","protected":false},"excerpt":{"rendered":"<p>Shum\u00eb z\u00ebra i jan\u00eb bashkuar thirrjes s\u00eb Presidentit Ilir Meta p\u00ebr tubimin e 2 marsit. Nj\u00eb nd\u00ebr ta \u00ebsht\u00eb dhe pesh\u00ebngrit\u00ebsi Kampion Europ\u00eb Briken Calja, i cili me an\u00eb t\u00eb nj\u00eb reagmi n\u00eb rrjetet sociale shpreh mb\u00ebshtetjen ndaj Presidentit. Calja citon disa nga sloganet kryesore t\u00eb Presidentit Meta p\u00ebr mbrojtjen e Kushtetut\u00ebs dhe kund\u00ebr \u201cgrushtit [&hellip;]<\/p>\n","protected":false},"author":2013,"featured_media":122850,"comment_status":"open","ping_status":"closed","sticky":false,"template":"","format":"standard","meta":{"footnotes":""},"categories":[241,235],"tags":[],"class_list":{"0":"post-122849","1":"post","2":"type-post","3":"status-publish","4":"format-standard","5":"has-post-thumbnail","7":"category-aktualitet","8":"category-vendi"},"_links":{"self":[{"href":"https:\/\/zjarr.tv\/sq\/wp-json\/wp\/v2\/posts\/122849","targetHints":{"allow":["GET"]}}],"collection":[{"href":"https:\/\/zjarr.tv\/sq\/wp-json\/wp\/v2\/posts"}],"about":[{"href":"https:\/\/zjarr.tv\/sq\/wp-json\/wp\/v2\/types\/post"}],"author":[{"embeddable":true,"href":"https:\/\/zjarr.tv\/sq\/wp-json\/wp\/v2\/users\/2013"}],"replies":[{"embeddable":true,"href":"https:\/\/zjarr.tv\/sq\/wp-json\/wp\/v2\/comments?post=122849"}],"version-history":[{"count":0,"href":"https:\/\/zjarr.tv\/sq\/wp-json\/wp\/v2\/posts\/122849\/revisions"}],"wp:featuredmedia":[{"embeddable":true,"href":"https:\/\/zjarr.tv\/sq\/wp-json\/wp\/v2\/media\/122850"}],"wp:attachment":[{"href":"https:\/\/zjarr.tv\/sq\/wp-json\/wp\/v2\/media?parent=122849"}],"wp:term":[{"taxonomy":"category","embeddable":true,"href":"https:\/\/zjarr.tv\/sq\/wp-json\/wp\/v2\/categories?post=122849"},{"taxonomy":"post_tag","embeddable":true,"href":"https:\/\/zjarr.tv\/sq\/wp-json\/wp\/v2\/tags?post=122849"}],"curies":[{"name":"wp","href":"https:\/\/api.w.org\/{rel}","templated":true}]}}