{"id":122856,"date":"2020-02-27T12:53:02","date_gmt":"2020-02-27T11:53:02","guid":{"rendered":"https:\/\/zjarr.tv\/?p=122856"},"modified":"2020-02-27T12:53:02","modified_gmt":"2020-02-27T11:53:02","slug":"keshilltari-i-cdu-henze-meta-i-vetmi-organ-kushtetues-ka-te-drejte-per-grushtin-e-shtetit","status":"publish","type":"post","link":"https:\/\/zjarr.tv\/sq\/keshilltari-i-cdu-henze-meta-i-vetmi-organ-kushtetues-ka-te-drejte-per-grushtin-e-shtetit\/","title":{"rendered":"K\u00ebshilltari i CDU, Henze: Meta i vetmi organ kushtetues, ka t\u00eb drejt\u00eb p\u00ebr \u201cgrushtin e shtetit\u201d"},"content":{"rendered":"<p>K\u00ebshilltari i CDU Martin Henze \u00ebsht\u00eb shprehur se Shqip\u00ebria ndodhet jo n\u00eb situat\u00eb krize por n\u00eb gjendje t\u00eb jasht\u00ebzakonshme. Sipas tij, n\u00ebse Shqip\u00ebria do t\u00eb ishte vend kushtetuese, tashm\u00eb do t\u00eb ishte an\u00ebtare e BE-s\u00eb.<\/p>\n<p><strong>Henze:<\/strong>\u00a0<em>N\u00ebse Shqip\u00ebria do t\u00eb ishte nj\u00eb shtet kushtetues dhe demokraci funksionale, me gjykata t\u00eb sakta kushtetuese dhe autoritete anti-korrupsion, vendi do t\u00eb ishte n\u00eb an\u00ebtare e BE-s\u00eb.\u00a0 Rama, Balla dhe Veliaj do t\u00eb duhet t\u00eb ndiqeshin penalisht dhe t\u00eb p\u00ebrballeshin me d\u00ebnimin me burg p\u00ebr shkak t\u00eb veprave t\u00eb mundshme penale n\u00eb fush\u00ebn e korrupsionit. N\u00eb Shqip\u00ebri nuk funksionon Gjykata Kushtetuese, Gjykata e Lart\u00eb, nuk ka siguri juridike, pra mosfunksionim t\u00eb SPAK. Shqip\u00ebria nuk \u00ebsht\u00eb n\u00eb gjendje krize, \u00ebsht\u00eb n\u00eb gjendje t\u00eb jasht\u00ebzakonshme. Organizata Rama i ka kapur t\u00eb gjitha funksionet politike n\u00eb qeveri, n\u00eb bashki, n\u00eb shumic\u00ebn e funksioneve administrative dhe shtet\u00ebrore, dhe p\u00ebr k\u00ebt\u00eb arsye \u00ebsht\u00eb p\u00ebrgjegj\u00ebse p\u00ebr gjith\u00e7ka.<\/em><\/p>\n<p>M\u00eb tej, Henze komenton m\u00eb gjer\u00ebsisht situat\u00ebn e krijuar n\u00eb Gjykat\u00ebn Kushtetuese. Sipas tij, kjo Gjykat\u00eb jo vet\u00ebm q\u00eb \u00ebsht\u00eb mbrojt\u00ebsi i Kushtetut\u00ebs s\u00eb Shqip\u00ebris\u00eb, por luan rol t\u00eb r\u00ebnd\u00ebsish\u00ebm si autoriteti gjyq\u00ebsor shtet\u00ebror n\u00eb fusha specifike t\u00eb shtetit t\u00eb s\u00eb drejt\u00ebs nd\u00ebrkomb\u00ebtare.<\/p>\n<p><strong>Henze:<\/strong>\u00a0<em>Gjykata Kushtetuese shqiptare \u00ebsht\u00eb mbrojt\u00ebsi i Kushtetut\u00ebs shqiptare. Prandaj gjykata ka nj\u00eb rol t\u00eb dyfisht\u00eb, nga nj\u00ebra an\u00eb si nj\u00eb organ i pavarur kushtetues dhe nga ana tjet\u00ebr si pjes\u00eb e autoritetit gjyq\u00ebsor shtet\u00ebror n\u00eb fusha speciefike t\u00eb shetit t\u00eb s\u00eb drejt\u00ebs nd\u00ebrkomb\u00ebtare. P\u00ebrmes vendimeve t\u00eb saj autorizuese, ajo siguron nj\u00eb interpretim detyrues t\u00eb tekstit t\u00eb Kushtetut\u00ebs s\u00eb Shqip\u00ebris\u00eb. P\u00ebr m\u00eb tep\u00ebr ajo ka detyr\u00eb t\u00eb monitoroj\u00eb vendimet e gjykatave t\u00eb tjera shqiptare.\u00a0<\/em><\/p>\n<p>Martin Henze ka komentuar edhe l\u00ebvizjet e Presidentit Ilir Meta n\u00eb lidhje me mbrojtjen e kompetencave t\u00eb tij p\u00ebr em\u00ebrimin e an\u00ebtar\u00ebve t\u00eb Gjykat\u00ebs Kushtetuese. Ai e quan korrekt fjalorin e Presidentit Meta n\u00eb lidhje me p\u00ebrdorimin e togfjal\u00ebshit \u201cgrusht shtetit\u201d.<\/p>\n<p><strong>Henze:<\/strong>\u00a0<em>Mosfunksionaliteti i pjessh\u00ebm i saj n\u00eb fakt \u00ebsht\u00eb konceptualisht nj\u00eb \u201cgrusht shetit\u201d kund\u00ebr rendit kushtetutes t\u00eb Shqip\u00ebris\u00eb. Grusht shteti nga qeveria, d.m.th, nga lart, shpesh quhet n\u00eb t\u00eb v\u00ebrtet\u00eb nj\u00eb grusht shteti. N\u00eb k\u00ebt\u00eb drejtim, Presidenti Meta nuk \u00ebsht\u00eb i gabuar n\u00eb zgjedhjen e fjal\u00ebve.<\/em><\/p>\n<p>Martin Henze e sheh 2 marsin si mund\u00ebsi t\u00eb mir\u00eb p\u00ebr t\u00eb dh\u00ebn\u00eb nj\u00eb sinjal p\u00ebr t\u00eb mbrojtur Kushtetut\u00ebn p\u00ebrmes zgjedhjeve t\u00eb reja. Ai thot\u00eb se n\u00eb Shqip\u00ebri duhet t\u00eb ndryshoj\u00eb di\u00e7ka politikisht, me q\u00ebllim q\u00eb t\u00eb rinjt\u00eb t\u00eb mos largohen nga vendi.<\/p>\n<p><strong>Henze:<\/strong>\u00a0<em>N\u00ebse di\u00e7ka nuk ndryshon politikisht n\u00eb Shqip\u00ebri shum\u00eb shpejt tani, Shqip\u00ebria ka potencialin t\u00eb b\u00ebhet Zvicra e Ballkanit, nj\u00eb pjes\u00eb e madhe e popullsis\u00eb shqiptare do t\u00eb emigroj\u00eb, t\u00eb gjitha familjet shqiptare do t\u00eb cop\u00ebtohen, ekonomia shqiptare, turizmi do nuk do t\u00eb ket\u00eb m\u00eb asnj\u00eb perspektiv\u00eb, do t\u00eb ket\u00eb munges\u00eb t\u00eb punonj\u00ebsve, do t\u00eb ket\u00eb munges\u00eb t\u00eb infrastruktur\u00ebs rurale: rrug\u00eb, uj\u00ebsjell\u00ebsa, kanalizimeve t\u00eb uj\u00ebrave t\u00eb zeza, shkollat do t\u00eb shemben shum\u00eb shpejt, do t\u00eb ket\u00eb munges\u00eb t\u00eb t\u00eb rinjve. N\u00eb k\u00ebt\u00eb drejtim, dita e kushtetut\u00ebs, e cila \u00ebsht\u00eb caktuar n\u00eb 2 Mars 2020 nga organi i mbetur kushtetues, Presidenti Meta, mund t\u00eb jet\u00eb nj\u00eb sinjal i qart\u00eb nga sovrani shqiptar, populli shqiptar, mbrojtja e kushtetut\u00ebs p\u00ebrmes zgjedhjeve t\u00eb reja.<\/em><\/p>\n","protected":false},"excerpt":{"rendered":"<p>K\u00ebshilltari i CDU Martin Henze \u00ebsht\u00eb shprehur se Shqip\u00ebria ndodhet jo n\u00eb situat\u00eb krize por n\u00eb gjendje t\u00eb jasht\u00ebzakonshme. Sipas tij, n\u00ebse Shqip\u00ebria do t\u00eb ishte vend kushtetuese, tashm\u00eb do t\u00eb ishte an\u00ebtare e BE-s\u00eb. Henze:\u00a0N\u00ebse Shqip\u00ebria do t\u00eb ishte nj\u00eb shtet kushtetues dhe demokraci funksionale, me gjykata t\u00eb sakta kushtetuese dhe autoritete anti-korrupsion, vendi [&hellip;]<\/p>\n","protected":false},"author":2013,"featured_media":0,"comment_status":"open","ping_status":"closed","sticky":false,"template":"","format":"standard","meta":{"footnotes":""},"categories":[241,235],"tags":[],"class_list":{"0":"post-122856","1":"post","2":"type-post","3":"status-publish","4":"format-standard","6":"category-aktualitet","7":"category-vendi"},"_links":{"self":[{"href":"https:\/\/zjarr.tv\/sq\/wp-json\/wp\/v2\/posts\/122856","targetHints":{"allow":["GET"]}}],"collection":[{"href":"https:\/\/zjarr.tv\/sq\/wp-json\/wp\/v2\/posts"}],"about":[{"href":"https:\/\/zjarr.tv\/sq\/wp-json\/wp\/v2\/types\/post"}],"author":[{"embeddable":true,"href":"https:\/\/zjarr.tv\/sq\/wp-json\/wp\/v2\/users\/2013"}],"replies":[{"embeddable":true,"href":"https:\/\/zjarr.tv\/sq\/wp-json\/wp\/v2\/comments?post=122856"}],"version-history":[{"count":0,"href":"https:\/\/zjarr.tv\/sq\/wp-json\/wp\/v2\/posts\/122856\/revisions"}],"wp:attachment":[{"href":"https:\/\/zjarr.tv\/sq\/wp-json\/wp\/v2\/media?parent=122856"}],"wp:term":[{"taxonomy":"category","embeddable":true,"href":"https:\/\/zjarr.tv\/sq\/wp-json\/wp\/v2\/categories?post=122856"},{"taxonomy":"post_tag","embeddable":true,"href":"https:\/\/zjarr.tv\/sq\/wp-json\/wp\/v2\/tags?post=122856"}],"curies":[{"name":"wp","href":"https:\/\/api.w.org\/{rel}","templated":true}]}}