{"id":122867,"date":"2020-02-27T14:12:08","date_gmt":"2020-02-27T13:12:08","guid":{"rendered":"https:\/\/zjarr.tv\/?p=122867"},"modified":"2020-02-27T14:12:08","modified_gmt":"2020-02-27T13:12:08","slug":"reshjet-e-debores-shkakojne-probleme-ne-elbasan-dhe-korce","status":"publish","type":"post","link":"https:\/\/zjarr.tv\/sq\/reshjet-e-debores-shkakojne-probleme-ne-elbasan-dhe-korce\/","title":{"rendered":"Reshjet e d\u00ebbor\u00ebs shkakojn\u00eb probleme n\u00eb Elbasan dhe Kor\u00e7\u00eb"},"content":{"rendered":"<p>Moti i keq q\u00eb ka p\u00ebrfshir\u00eb vendin prej m\u00ebngjesit t\u00eb s\u00eb enjtes, ka shkaktuar probleme edhe n\u00eb Qarkun e Elbasanit.<\/p>\n<p>N\u00eb zonat malore t\u00eb Elbasanit, Librazhdit, Gramshit e Prrenjasit kan\u00eb r\u00ebn\u00eb reshje t\u00eb dendura d\u00ebbore. N\u00eb Elbasan jan\u00eb zbardhur edhe nj\u00ebsit\u00eb administrative Gjinar dhe Zavalin\u00ebs.<\/p>\n<p>N\u00eb Librazhd po ashtu ka pasur reshje t\u00eb \u00a0dendura d\u00ebbore ku n\u00eb St\u00ebblev\u00eb trash\u00ebsia ka arritur 30 cm.<\/p>\n<p>Rruga Librazhd-Peshkopi kalohet me zinxhir\u00eb. Reshje d\u00ebbore ka n\u00eb Rrajc\u00eb e Sopot t\u00eb Prrenjasit. Mungon energjia elektrike ne fshatrat e Librazhdit dhe Prrenjasit per shkak edhe te eres s\u00eb fort\u00eb t\u00eb nat\u00ebs s\u00eb shkuar.<\/p>\n<p><strong>Kor\u00e7\u00eb, rinisin reshjet e d\u00ebbor\u00ebs. Probleme n\u00eb qarkullim<\/strong><\/p>\n<p><strong>Kor\u00e7\u00eb:<\/strong>\u00a0Rifillojn\u00eb rreshjet e dendura t\u00eb bor\u00ebs. Prej rreth 2 or\u00ebsh tashm\u00eb vijojn\u00eb rreshjet n\u00eb gjith\u00eb qarkun juglindor.<\/p>\n<p>Trash\u00ebsia n\u00eb Dardh\u00eb ka arritur 20 cm, raportohen probleme n\u00eb qarkullim n\u00eb k\u00ebt\u00eb zon\u00eb p\u00ebr shkak t\u00eb dend\u00ebsis\u00eb. Qafa e Qarrit ka arritur 10 cm. Nevojiten zinxhir\u00ebt p\u00ebr k\u00ebto 2 akse. Rrug\u00ebt nacionale jan\u00eb t\u00eb hapura. ARRSH dhe emergjencat n\u00eb terren.<\/p>\n","protected":false},"excerpt":{"rendered":"<p>Moti i keq q\u00eb ka p\u00ebrfshir\u00eb vendin prej m\u00ebngjesit t\u00eb s\u00eb enjtes, ka shkaktuar probleme edhe n\u00eb Qarkun e Elbasanit. N\u00eb zonat malore t\u00eb Elbasanit, Librazhdit, Gramshit e Prrenjasit kan\u00eb r\u00ebn\u00eb reshje t\u00eb dendura d\u00ebbore. N\u00eb Elbasan jan\u00eb zbardhur edhe nj\u00ebsit\u00eb administrative Gjinar dhe Zavalin\u00ebs. N\u00eb Librazhd po ashtu ka pasur reshje t\u00eb \u00a0dendura d\u00ebbore [&hellip;]<\/p>\n","protected":false},"author":2013,"featured_media":116672,"comment_status":"open","ping_status":"closed","sticky":false,"template":"","format":"standard","meta":{"footnotes":""},"categories":[241,235],"tags":[],"class_list":{"0":"post-122867","1":"post","2":"type-post","3":"status-publish","4":"format-standard","5":"has-post-thumbnail","7":"category-aktualitet","8":"category-vendi"},"_links":{"self":[{"href":"https:\/\/zjarr.tv\/sq\/wp-json\/wp\/v2\/posts\/122867","targetHints":{"allow":["GET"]}}],"collection":[{"href":"https:\/\/zjarr.tv\/sq\/wp-json\/wp\/v2\/posts"}],"about":[{"href":"https:\/\/zjarr.tv\/sq\/wp-json\/wp\/v2\/types\/post"}],"author":[{"embeddable":true,"href":"https:\/\/zjarr.tv\/sq\/wp-json\/wp\/v2\/users\/2013"}],"replies":[{"embeddable":true,"href":"https:\/\/zjarr.tv\/sq\/wp-json\/wp\/v2\/comments?post=122867"}],"version-history":[{"count":0,"href":"https:\/\/zjarr.tv\/sq\/wp-json\/wp\/v2\/posts\/122867\/revisions"}],"wp:featuredmedia":[{"embeddable":true,"href":"https:\/\/zjarr.tv\/sq\/wp-json\/wp\/v2\/media\/116672"}],"wp:attachment":[{"href":"https:\/\/zjarr.tv\/sq\/wp-json\/wp\/v2\/media?parent=122867"}],"wp:term":[{"taxonomy":"category","embeddable":true,"href":"https:\/\/zjarr.tv\/sq\/wp-json\/wp\/v2\/categories?post=122867"},{"taxonomy":"post_tag","embeddable":true,"href":"https:\/\/zjarr.tv\/sq\/wp-json\/wp\/v2\/tags?post=122867"}],"curies":[{"name":"wp","href":"https:\/\/api.w.org\/{rel}","templated":true}]}}