{"id":122874,"date":"2020-02-27T14:26:06","date_gmt":"2020-02-27T13:26:06","guid":{"rendered":"https:\/\/zjarr.tv\/?p=122874"},"modified":"2020-02-27T14:26:06","modified_gmt":"2020-02-27T13:26:06","slug":"edmond-budina-kujton-dhjetorin-1990-mbeshtetje-per-iniciativen-e-presidentit","status":"publish","type":"post","link":"https:\/\/zjarr.tv\/sq\/edmond-budina-kujton-dhjetorin-1990-mbeshtetje-per-iniciativen-e-presidentit\/","title":{"rendered":"Edmond Budina kujton dhjetorin 1990: Mb\u00ebshtetje p\u00ebr iniciativ\u00ebn e Presidentit"},"content":{"rendered":"<p>Regjisori dhe aktori Edmond Budina deklaron se mb\u00ebshtet iniciativ\u00ebn e Presidentit t\u00eb Republik\u00ebs Ilir Meta p\u00ebr manifestimin e 2 marsit p\u00ebr mbrojtjen e Gjykat\u00ebs Kushtetuese.<\/p>\n<p>Budina kujton dhjetorin e 1990 dhe thot\u00eb se pas afro tridhjet\u00eb vitesh \u00ebndrra \u00ebsht\u00eb zvanitur, shpresa u kthye n\u00eb zhg\u00ebnjim, por gjithsesi, sado i madh t\u00eb jet\u00eb zhg\u00ebnjimi, gabimet e b\u00ebra nd\u00ebr vite, nuk kan\u00eb t\u00eb krahasuar me at\u00eb q\u00eb po ndodh tani, ankthin e rikthimit n\u00eb diktatur\u00eb.Ai deklaron se\u00a0nj\u00eb grusht njer\u00ebzish, me nj\u00eb mentalitet feudal, sillen si pronar\u00eb t\u00eb vendit, nd\u00ebrsa e gjith\u00eb shpura puthadorase rilindase e dumbabist\u00ebve qamilist\u00eb i b\u00ebjn\u00eb hosanna kandidat Salep Sulltanit. Vendi \u00ebsht\u00eb i mbushur me drog\u00eb, krim, korrupsion qelizor, ku blihen e shiten jo vet\u00ebm votat, por edhe frymor\u00ebt. Nj\u00eb parlament i paligjsh\u00ebm, q\u00eb harton e voton ligje antikushtetuese, ku makut\u00ebria p\u00ebr pasuri i zhvesh nga \u00e7do ndjesi njer\u00ebzore.<\/p>\n<p>Ndaj thot\u00eb ai \u201cP\u00ebr t\u00eb vazhduar \u00ebndrr\u00ebn e nisur n\u00eb n\u00ebnt\u00ebdhjet\u00ebn, p\u00ebr t\u00eb ringjallur shpres\u00ebn, p\u00ebr t\u00eb mbrojtur Kushtetut\u00ebn, p\u00ebr ta \u00e7liruar Shqip\u00ebrin\u00eb nga oktapodhi rilindas, q\u00eb nuk ka asgj\u00eb socialiste, por ka uzurpuar padrejt\u00ebsisht t\u00eb gjitha institucionet, duhet t\u00eb b\u00ebhemi t\u00eb gjith\u00eb bashk\u00eb m\u00eb 2 mars p\u00ebr t\u00eb mb\u00ebshtetur presidentin Ilir Meta, i cili at\u00eb dit\u00eb dhjetori t\u00eb n\u00ebnt\u00ebdhjet\u00ebs ndodhej n\u00eb autobus s\u00eb bashku me ne\u201d.<\/p>\n<p><strong>POSTIMI I PLOT\u00cb<\/strong><\/p>\n<p>Mb\u00ebshtetje p\u00ebr inisiativ\u00ebn e Presidentit Ilir Meta<\/p>\n<p>Ka ngjarje, q\u00eb nuk t\u00eb shqiten nga kujtesa, sado koh\u00eb q\u00eb t\u00eb kaloj\u00eb. E till\u00eb \u00ebsht\u00eb edhe ajo dit\u00eb dhjetori e vitit 1990, kur nj\u00eb grup student\u00ebsh e pedagog\u00ebsh shkuam p\u00ebr t\u00eb k\u00ebrkuar pluralizmin politik. Endrra e liris\u00eb, demokracis\u00eb, p\u00ebr ta b\u00ebr\u00eb Shqip\u00ebrin\u00eb si gjith\u00eb Europa, tejp\u00ebrshkonte gjith\u00eb hap\u00ebsir\u00ebn, objektet, njer\u00ebzit, q\u00eb me syt\u00eb gjith\u00eb shk\u00eblqim prej lot\u00ebve, puthnin deri llamarinat e autobusit, i cili do t\u00eb na \u00e7onte n\u00eb Pallatin e Brigadave. N\u00eb ata sy kishte aq shum\u00eb drit\u00eb, shpres\u00eb\u2026 Pas afro tridhjet\u00eb vitesh \u00ebndrra \u00ebsht\u00eb zvanitur, shpresa u kthye n\u00eb zhg\u00ebnjim, por gjithsesi, sado i madh t\u00eb jet\u00eb zhg\u00ebnjimi, gabimet e b\u00ebra nd\u00ebr vite, nuk kan\u00eb t\u00eb krahasuar me at\u00eb q\u00eb po ndodh tani, ankthin e rikthimit n\u00eb diktatur\u00eb.<\/p>\n<p>Nj\u00eb grusht njer\u00ebzish, me nj\u00eb mentalitet feudal, sillen si pronar\u00eb t\u00eb vendit, nd\u00ebrsa e gjith\u00eb shpura puthadorase rilindase e dumbabist\u00ebve qamilist\u00eb i b\u00ebjn\u00eb hosanna kandidat Salep Sulltanit. Vendi \u00ebsht\u00eb i mbushur me drog\u00eb, krim, korrupsion qelizor, ku blihen e shiten jo vet\u00ebm votat, por edhe frymor\u00ebt. Nj\u00eb parlament i paligjsh\u00ebm, q\u00eb harton e voton ligje antikushtetuese, ku makut\u00ebria p\u00ebr pasuri i zhvesh nga \u00e7do ndjesi njer\u00ebzore. Mafia e ulur k\u00ebmb\u00ebkryq, b\u00ebn tregti me politik\u00ebn dhe vendi \u00ebsht\u00eb kthyer n\u00eb nj\u00eb lavatri\u00e7e nd\u00ebrkomb\u00ebtare parash t\u00eb pista. Kjo qeverisje, q\u00eb sukses t\u00eb saj ka vet\u00ebmburrjen, prepotenc\u00ebn, po d\u00ebbon rinin\u00eb nga vendi, po iu vret shpres\u00ebn e po largon p\u00ebrher\u00eb e m\u00eb tep\u00ebr \u00ebndrr\u00ebn ton\u00eb t\u00eb kahershme, Shqip\u00ebrin\u00eb si gjith\u00eb Europa. Endrr\u00ebn ton\u00eb europiane mund ta \u00e7ojm\u00eb p\u00ebrpara vet\u00ebm ne, pa shpresuar se do t\u00eb jen\u00eb t\u00eb huajt q\u00eb do t\u00eb na i zgjidhin problemet.<\/p>\n<p>Prej dy vitesh tashm\u00eb qytetar\u00eb, intelektual\u00eb, artist\u00eb, protestojn\u00eb p\u00ebrdit\u00eb n\u00eb mbrojtje t\u00eb nd\u00ebrtes\u00ebs s\u00eb Teatrit Komb\u00ebtar, shkeljes s\u00eb Kushtetut\u00ebs, vjedhjes s\u00eb truallit publik. T\u00ebrheqja e p\u00ebrkohshme e Qeveris\u00eb e Bashkis\u00eb tregon se sa t\u00eb drejt\u00eb kishim ne kur ngulmonim n\u00eb protest\u00eb t\u00eb p\u00ebrditshme. Protesta \u00ebsht\u00eb qytetari dhe na ka m\u00ebsuar t\u00eb jemi p\u00ebrher\u00eb sy\u00e7el\u00ebt. Asnj\u00eb hap pas deri n\u00eb fitoren p\u00ebrfundimtare, sepse shembja e Teatrit do t\u00eb thot\u00eb shembje e demokracis\u00eb. P\u00ebr k\u00ebt\u00eb Presidenti \u00ebsht\u00eb nj\u00eb nga mbrojt\u00ebsit e Teatrit. Vet\u00ebm n\u00eb mesjet\u00eb ose n\u00eb diktaturat m\u00eb t\u00eb egra, shteti iu hiqte dritat, ujin qytetar\u00ebve t\u00eb vet p\u00ebr t\u2019i gjunj\u00ebzuar.<\/p>\n<p>P\u00ebr t\u00eb vazhduar \u00ebndrr\u00ebn e nisur n\u00eb n\u00ebnt\u00ebdhjet\u00ebn, p\u00ebr t\u00eb ringjallur shpres\u00ebn, p\u00ebr t\u00eb mbrojtur Kushtetut\u00ebn, p\u00ebr ta \u00e7liruar Shqip\u00ebrin\u00eb nga oktapodhi rilindas, q\u00eb nuk ka asgj\u00eb socialiste, por ka uzurpuar padrejt\u00ebsisht t\u00eb gjitha institucionet, duhet t\u00eb b\u00ebhemi t\u00eb gjith\u00eb bashk\u00eb m\u00eb 2 mars p\u00ebr t\u00eb mb\u00ebshtetur presidentin Ilir Meta, i cili at\u00eb dit\u00eb dhjetori t\u00eb n\u00ebnt\u00ebdhjet\u00ebs ndodhej n\u00eb autobus s\u00eb bashku me ne. Pamvar\u00ebsisht bindjeve t\u00eb majta ose t\u00eb djathta, pamvar\u00ebsisht ngjyrimeve politike t\u00eb gjithsecilit, le ta kthejme 2 marsin vet\u00ebm kuq e zi. Faleminderit zoti President. Do t\u00eb jem p\u00ebrkrah teje.<\/p>\n","protected":false},"excerpt":{"rendered":"<p>Regjisori dhe aktori Edmond Budina deklaron se mb\u00ebshtet iniciativ\u00ebn e Presidentit t\u00eb Republik\u00ebs Ilir Meta p\u00ebr manifestimin e 2 marsit p\u00ebr mbrojtjen e Gjykat\u00ebs Kushtetuese. Budina kujton dhjetorin e 1990 dhe thot\u00eb se pas afro tridhjet\u00eb vitesh \u00ebndrra \u00ebsht\u00eb zvanitur, shpresa u kthye n\u00eb zhg\u00ebnjim, por gjithsesi, sado i madh t\u00eb jet\u00eb zhg\u00ebnjimi, gabimet e [&hellip;]<\/p>\n","protected":false},"author":2013,"featured_media":122875,"comment_status":"open","ping_status":"closed","sticky":false,"template":"","format":"standard","meta":{"footnotes":""},"categories":[241,235],"tags":[],"class_list":{"0":"post-122874","1":"post","2":"type-post","3":"status-publish","4":"format-standard","5":"has-post-thumbnail","7":"category-aktualitet","8":"category-vendi"},"_links":{"self":[{"href":"https:\/\/zjarr.tv\/sq\/wp-json\/wp\/v2\/posts\/122874","targetHints":{"allow":["GET"]}}],"collection":[{"href":"https:\/\/zjarr.tv\/sq\/wp-json\/wp\/v2\/posts"}],"about":[{"href":"https:\/\/zjarr.tv\/sq\/wp-json\/wp\/v2\/types\/post"}],"author":[{"embeddable":true,"href":"https:\/\/zjarr.tv\/sq\/wp-json\/wp\/v2\/users\/2013"}],"replies":[{"embeddable":true,"href":"https:\/\/zjarr.tv\/sq\/wp-json\/wp\/v2\/comments?post=122874"}],"version-history":[{"count":0,"href":"https:\/\/zjarr.tv\/sq\/wp-json\/wp\/v2\/posts\/122874\/revisions"}],"wp:featuredmedia":[{"embeddable":true,"href":"https:\/\/zjarr.tv\/sq\/wp-json\/wp\/v2\/media\/122875"}],"wp:attachment":[{"href":"https:\/\/zjarr.tv\/sq\/wp-json\/wp\/v2\/media?parent=122874"}],"wp:term":[{"taxonomy":"category","embeddable":true,"href":"https:\/\/zjarr.tv\/sq\/wp-json\/wp\/v2\/categories?post=122874"},{"taxonomy":"post_tag","embeddable":true,"href":"https:\/\/zjarr.tv\/sq\/wp-json\/wp\/v2\/tags?post=122874"}],"curies":[{"name":"wp","href":"https:\/\/api.w.org\/{rel}","templated":true}]}}