{"id":122877,"date":"2020-02-27T14:36:40","date_gmt":"2020-02-27T13:36:40","guid":{"rendered":"https:\/\/zjarr.tv\/?p=122877"},"modified":"2020-02-27T14:36:40","modified_gmt":"2020-02-27T13:36:40","slug":"presidenti-miresevjen-me-2-mars-i-dashur-profesor-budina","status":"publish","type":"post","link":"https:\/\/zjarr.tv\/sq\/presidenti-miresevjen-me-2-mars-i-dashur-profesor-budina\/","title":{"rendered":"Presidenti: Mir\u00ebsevjen m\u00eb 2 mars, i dashur Profesor Budina!"},"content":{"rendered":"<p>Presidenti i Republik\u00ebs Ilir Meta ka p\u00ebrsh\u00ebndetur regjisorin Edmond Budina, p\u00ebr thirrjen e tij t\u00eb fort\u00eb n\u00eb mb\u00ebshtetje t\u00eb tubimit popullor t\u00eb 2 marsit dhe argumentet me t\u00eb cilat ai i \u00ebsht\u00eb drejtuar sot qytetar\u00ebve.<\/p>\n<p>Presidenti shkruan n\u00eb Fb:<\/p>\n<p>\u201cNj\u00eb lajm frym\u00ebzues q\u00eb edhe nj\u00eb nga p\u00ebrfaq\u00ebsuesit m\u00eb t\u00eb shquar t\u00eb L\u00ebvizjes Demokratike, artisti i dashur p\u00ebr t\u00eb gjith\u00eb ne, Edmond Budina, do na bashkohet m\u00eb 2 mars n\u00eb Tiran\u00eb, q\u00eb e gjith\u00eb Europa dhe bota demokratike t\u00eb d\u00ebgjoj\u00eb s\u00ebrish si para 30 viteve thirrjen: \u201cE duam Shqip\u00ebrin\u00eb si gjith\u00eb Europa! Liri Demokraci\u201d.<br \/>\nJet\u00ebn e japim, Demokracin\u00eb dhe Lirin\u00eb ton\u00eb kurr\u00eb!<br \/>\nJemi komb Shqiponjash!<br \/>\nEdhe Shqiponjat tona n\u00eb emigracion do t\u00eb kthehen n\u00eb Folen\u00eb e tyre.<br \/>\nMir\u00ebsevjen i dashur Profesor Budina! \u201c<\/p>\n","protected":false},"excerpt":{"rendered":"<p>Presidenti i Republik\u00ebs Ilir Meta ka p\u00ebrsh\u00ebndetur regjisorin Edmond Budina, p\u00ebr thirrjen e tij t\u00eb fort\u00eb n\u00eb mb\u00ebshtetje t\u00eb tubimit popullor t\u00eb 2 marsit dhe argumentet me t\u00eb cilat ai i \u00ebsht\u00eb drejtuar sot qytetar\u00ebve. Presidenti shkruan n\u00eb Fb: \u201cNj\u00eb lajm frym\u00ebzues q\u00eb edhe nj\u00eb nga p\u00ebrfaq\u00ebsuesit m\u00eb t\u00eb shquar t\u00eb L\u00ebvizjes Demokratike, artisti i [&hellip;]<\/p>\n","protected":false},"author":2013,"featured_media":99906,"comment_status":"open","ping_status":"closed","sticky":false,"template":"","format":"standard","meta":{"footnotes":""},"categories":[241,235],"tags":[],"class_list":{"0":"post-122877","1":"post","2":"type-post","3":"status-publish","4":"format-standard","5":"has-post-thumbnail","7":"category-aktualitet","8":"category-vendi"},"_links":{"self":[{"href":"https:\/\/zjarr.tv\/sq\/wp-json\/wp\/v2\/posts\/122877","targetHints":{"allow":["GET"]}}],"collection":[{"href":"https:\/\/zjarr.tv\/sq\/wp-json\/wp\/v2\/posts"}],"about":[{"href":"https:\/\/zjarr.tv\/sq\/wp-json\/wp\/v2\/types\/post"}],"author":[{"embeddable":true,"href":"https:\/\/zjarr.tv\/sq\/wp-json\/wp\/v2\/users\/2013"}],"replies":[{"embeddable":true,"href":"https:\/\/zjarr.tv\/sq\/wp-json\/wp\/v2\/comments?post=122877"}],"version-history":[{"count":0,"href":"https:\/\/zjarr.tv\/sq\/wp-json\/wp\/v2\/posts\/122877\/revisions"}],"wp:featuredmedia":[{"embeddable":true,"href":"https:\/\/zjarr.tv\/sq\/wp-json\/wp\/v2\/media\/99906"}],"wp:attachment":[{"href":"https:\/\/zjarr.tv\/sq\/wp-json\/wp\/v2\/media?parent=122877"}],"wp:term":[{"taxonomy":"category","embeddable":true,"href":"https:\/\/zjarr.tv\/sq\/wp-json\/wp\/v2\/categories?post=122877"},{"taxonomy":"post_tag","embeddable":true,"href":"https:\/\/zjarr.tv\/sq\/wp-json\/wp\/v2\/tags?post=122877"}],"curies":[{"name":"wp","href":"https:\/\/api.w.org\/{rel}","templated":true}]}}