{"id":122880,"date":"2020-02-27T14:44:50","date_gmt":"2020-02-27T13:44:50","guid":{"rendered":"https:\/\/zjarr.tv\/?p=122880"},"modified":"2020-02-27T14:44:50","modified_gmt":"2020-02-27T13:44:50","slug":"manastirliu-kemi-kapacitetet-per-cdo-situate-te-perballjes-me-koronavirusin","status":"publish","type":"post","link":"https:\/\/zjarr.tv\/sq\/manastirliu-kemi-kapacitetet-per-cdo-situate-te-perballjes-me-koronavirusin\/","title":{"rendered":"Manastirliu: Kemi kapacitetet p\u00ebr \u00e7do situat\u00eb t\u00eb p\u00ebrballjes me koronavirusin"},"content":{"rendered":"<p>\u201cKemi gati strukturat p\u00ebr p\u00ebrballimin e koronavirusit t\u00eb ri, p\u00ebr karantinimin e personave t\u00eb dyshuar, strukturat spitalore p\u00ebr trajtimin e rasteve potenciale si dhe strukturat ku do t\u00eb zhvendosen sh\u00ebrbimet aktuale, n\u00ebse do t\u00eb jet\u00eb e nevojshme. Kemi parashikuar skenar\u00ebt p\u00ebr \u00e7do situat\u00eb, q\u00eb nga rasti i par\u00eb potencial e deri n\u00eb maksimumin e parashikimit\u201d.<\/p>\n<p>Deklarata u b\u00eb nga Ministrja e Sh\u00ebndet\u00ebsis\u00eb dhe Mbrojtjes Sociale Ogerta Manastirliu, gjat\u00eb raportimit n\u00eb Komitetin e Siguris\u00eb Komb\u00ebtare, t\u00eb drejtuar nga Kryeministri Edi Rama. Duke deklaruar se strukturat n\u00eb t\u00eb gjitha nivelet kan\u00eb marr\u00eb masat paraprake bazuar n\u00eb rekomandimet e OBSH, Manastirliu siguroi p\u00ebr gatishm\u00ebrin\u00eb e t\u00eb gjitha strukturave sh\u00ebndet\u00ebsore.<\/p>\n<p>\u201cN\u00eb skenar\u00ebt q\u00eb ekspert\u00ebt tan\u00eb kan\u00eb parashikuar, q\u00eb me konfirmimin e rastit t\u00eb par\u00eb, ne v\u00ebm\u00eb n\u00eb dispozicion strukturat q\u00eb fillojn\u00eb me spitalin Infektiv n\u00eb QSUT, me nj\u00eb kapacitet 80 shtret\u00ebrish dhe me nj\u00eb forc\u00eb t\u00eb punonj\u00ebsve t\u00eb sh\u00ebndet\u00ebsis\u00eb, 109 punonj\u00ebs, t\u00eb cil\u00ebt do t\u00eb jen\u00eb t\u00eb fokusuar p\u00ebr t\u00eb trajtuar sipas protokolleve m\u00eb t\u00eb mira rastet e mundshme. Kemi p\u00ebrcaktuar bokset, dhomat e izolimit, \u00ebsht\u00eb investuar n\u00eb t\u00eb gjitha linjat e oksigjenit n\u00eb struktur\u00ebn e Infektivit, p\u00ebr t\u00eb b\u00ebr\u00eb t\u00eb mundur transformimin e k\u00ebtij spitali, n\u00ebse do t\u00eb kalonim n\u00eb skenaret e tjer\u00eb, q\u00eb do t\u00eb ishin nga 0 n\u00eb 100 si dhe 100 deri n\u00eb 150 raste t\u00eb prekura. Sigurisht, duke siguruar k\u00ebtu t\u00eb gjitha kapacitet dhe nevoja p\u00ebr ato raste t\u00eb r\u00ebnda, pasi dihet q\u00eb 5% e rasteve q\u00eb konfirmohen me koronavirus jan\u00eb raste t\u00eb cilat do t\u00eb ken\u00eb nevoj\u00eb p\u00ebr suport respirator\u201d, tha Manastirliu<\/p>\n<p>Manastirliu theksoi se p\u00ebr \u00e7do skenar, jan\u00eb parashikuar kapacitetet e nevojshme, jan\u00eb trajnuar stafet, \u00ebsht\u00eb siguruar stoku i mjaftuesh\u00ebm i medikamenteve, kite reagent\u00eb. Aktualisht spitalet jan\u00eb t\u00eb pajisura me stokun e nevojsh\u00ebm t\u00eb materialeve mbrojt\u00ebse personale dhe po furnizohen n\u00eb vazhdim m\u00eb stokun e dyt\u00eb, p\u00ebr t\u00eb cilin Ministria e Sh\u00ebndet\u00ebsis\u00eb ka rialokuar nj\u00eb fond prej 1 milion dollar\u00eb.<\/p>\n<p>Ministrja e Sh\u00ebndet\u00ebsis\u00eb deklaroi se jan\u00eb marr\u00eb masat edhe p\u00ebr karantinimin e personave t\u00eb sh\u00ebndosh\u00eb-t\u00eb dyshuar, n\u00eb strukturat e pushimit t\u00eb Ministris\u00eb s\u00eb Mbrojtjes, nd\u00ebrsa deklaroi se jan\u00eb p\u00ebrcaktuar gjithashtu edhe spitalet e tjera, ku do t\u00eb trajtohen pacient\u00ebt p\u00ebr s\u00ebmundjet q\u00eb trajtohen n\u00eb ato spitale, t\u00eb cilat do t\u00eb shnd\u00ebrrohen n\u00eb spitale p\u00ebr trajtimin e COVID-19, n\u00ebse do t\u00eb jet\u00eb e nevojshme.<\/p>\n<p>Deri n\u00eb k\u00ebto momente, n\u00eb Shqip\u00ebri nuk ka asnj\u00eb rast t\u00eb konfirmuar me COVID-19, nd\u00ebrsa vijojn\u00eb testimet p\u00ebr rastet e dyshuara n\u00eb laboratorin e virologjis\u00eb n\u00eb Institutin e Sh\u00ebndetit Publik, i vetmi laborator i \u00e7ertifikuar nga Organizata Bot\u00ebrore e Sh\u00ebndet\u00ebsis\u00eb p\u00ebr kryerjen e diagnoz\u00ebs s\u00eb koronavirusit te ri n\u00eb vendin ton\u00eb. Deri tani jan\u00eb testuar 17 raste t\u00eb dyshuara q\u00eb kan\u00eb rezultuar negativ. Sipas Ministres Manastirliu, t\u00eb gjitha struktura sh\u00ebndet\u00ebsore jan\u00eb n\u00eb gadishm\u00ebri p\u00ebr p\u00ebrballjen me k\u00ebt\u00eb virus t\u00eb ri.<\/p>\n","protected":false},"excerpt":{"rendered":"<p>\u201cKemi gati strukturat p\u00ebr p\u00ebrballimin e koronavirusit t\u00eb ri, p\u00ebr karantinimin e personave t\u00eb dyshuar, strukturat spitalore p\u00ebr trajtimin e rasteve potenciale si dhe strukturat ku do t\u00eb zhvendosen sh\u00ebrbimet aktuale, n\u00ebse do t\u00eb jet\u00eb e nevojshme. Kemi parashikuar skenar\u00ebt p\u00ebr \u00e7do situat\u00eb, q\u00eb nga rasti i par\u00eb potencial e deri n\u00eb maksimumin e parashikimit\u201d. [&hellip;]<\/p>\n","protected":false},"author":2013,"featured_media":58960,"comment_status":"open","ping_status":"closed","sticky":false,"template":"","format":"standard","meta":{"footnotes":""},"categories":[241,235],"tags":[],"class_list":{"0":"post-122880","1":"post","2":"type-post","3":"status-publish","4":"format-standard","5":"has-post-thumbnail","7":"category-aktualitet","8":"category-vendi"},"_links":{"self":[{"href":"https:\/\/zjarr.tv\/sq\/wp-json\/wp\/v2\/posts\/122880","targetHints":{"allow":["GET"]}}],"collection":[{"href":"https:\/\/zjarr.tv\/sq\/wp-json\/wp\/v2\/posts"}],"about":[{"href":"https:\/\/zjarr.tv\/sq\/wp-json\/wp\/v2\/types\/post"}],"author":[{"embeddable":true,"href":"https:\/\/zjarr.tv\/sq\/wp-json\/wp\/v2\/users\/2013"}],"replies":[{"embeddable":true,"href":"https:\/\/zjarr.tv\/sq\/wp-json\/wp\/v2\/comments?post=122880"}],"version-history":[{"count":0,"href":"https:\/\/zjarr.tv\/sq\/wp-json\/wp\/v2\/posts\/122880\/revisions"}],"wp:featuredmedia":[{"embeddable":true,"href":"https:\/\/zjarr.tv\/sq\/wp-json\/wp\/v2\/media\/58960"}],"wp:attachment":[{"href":"https:\/\/zjarr.tv\/sq\/wp-json\/wp\/v2\/media?parent=122880"}],"wp:term":[{"taxonomy":"category","embeddable":true,"href":"https:\/\/zjarr.tv\/sq\/wp-json\/wp\/v2\/categories?post=122880"},{"taxonomy":"post_tag","embeddable":true,"href":"https:\/\/zjarr.tv\/sq\/wp-json\/wp\/v2\/tags?post=122880"}],"curies":[{"name":"wp","href":"https:\/\/api.w.org\/{rel}","templated":true}]}}