{"id":122890,"date":"2020-02-27T16:31:59","date_gmt":"2020-02-27T15:31:59","guid":{"rendered":"https:\/\/zjarr.tv\/?p=122890"},"modified":"2020-02-27T16:31:59","modified_gmt":"2020-02-27T15:31:59","slug":"balliu-drejtesia-e-kapur-po-amniston-aferat-e-rames-dhe-veliajt","status":"publish","type":"post","link":"https:\/\/zjarr.tv\/sq\/balliu-drejtesia-e-kapur-po-amniston-aferat-e-rames-dhe-veliajt\/","title":{"rendered":"Balliu: Drejt\u00ebsia e kapur, po amniston aferat e Ram\u00ebs dhe Veliajt"},"content":{"rendered":"<p>T\u00eb enjten u zhvillua seanca e radh\u00ebs gjyq\u00ebsore p\u00ebr ish-deputetin e Partis\u00eb Demokratike Klevis Balliu dhe disa banor\u00eb t\u00eb unaz\u00ebs, t\u00eb cil\u00ebt jan\u00eb marr\u00eb t\u00eb pandehur p\u00ebr protestat te Unaza e Re. Pas seanc\u00ebs, ish-deputeti demokrat ngriti akuza ndaj sistemit t\u00eb drejt\u00ebsis\u00eb se po amniston aferat e qeveris\u00eb.<\/p>\n<p><strong>Klevis Balliu:<\/strong>\u00a0<em>Ajo \u00e7far\u00eb ngrihet si pyetje sot n\u00eb Shqip\u00ebri \u00ebsht\u00eb se: si ka mund\u00ebsi q\u00eb \u00e7do proces gjyq\u00ebsor, qoft\u00eb kjo p\u00ebr pishat e Erion Veliajt, qoft\u00eb kjo p\u00ebr afer\u00ebn e unaz\u00ebs, p\u00ebr ata polici\u00eb q\u00eb u kap\u00ebn duke rrahur dhe goditur nj\u00eb zonjush\u00eb 20-vje\u00e7are, pushohet \u00e7\u00ebshtje. P\u00ebr \u00e7do afer\u00eb t\u00eb qeveris\u00eb pushohet \u00e7\u00ebshtja.<\/em><\/p>\n<p>Nd\u00ebrkoh\u00eb, Klevis Balliu u shpreh se banor\u00ebt e Unaz\u00ebs s\u00eb Re po ende dyerve t\u00eb gjykatave prej nj\u00eb viti, vet\u00ebm sepse po k\u00ebrkojn\u00eb t\u00eb mbrojn\u00eb sht\u00ebpit\u00eb e tyre.<\/p>\n<p><strong>Klevis Balliu:<\/strong>\u00a0<em>Nd\u00ebrsa p\u00ebr banor\u00ebt e Unaz\u00ebs kan\u00eb nj\u00eb vit q\u00eb jan\u00eb n\u00ebp\u00ebr procese gjyq\u00ebsore sepse mbrojn\u00eb sht\u00ebpin\u00eb e tyre nga nj\u00eb projekt, i faktuar n\u00eb Shqip\u00ebri dhe n\u00eb SHBA si nj\u00eb nga projektet m\u00eb korruptive.\u00a0<\/em><\/p>\n","protected":false},"excerpt":{"rendered":"<p>T\u00eb enjten u zhvillua seanca e radh\u00ebs gjyq\u00ebsore p\u00ebr ish-deputetin e Partis\u00eb Demokratike Klevis Balliu dhe disa banor\u00eb t\u00eb unaz\u00ebs, t\u00eb cil\u00ebt jan\u00eb marr\u00eb t\u00eb pandehur p\u00ebr protestat te Unaza e Re. Pas seanc\u00ebs, ish-deputeti demokrat ngriti akuza ndaj sistemit t\u00eb drejt\u00ebsis\u00eb se po amniston aferat e qeveris\u00eb. Klevis Balliu:\u00a0Ajo \u00e7far\u00eb ngrihet si pyetje sot [&hellip;]<\/p>\n","protected":false},"author":2013,"featured_media":114709,"comment_status":"open","ping_status":"closed","sticky":false,"template":"","format":"standard","meta":{"footnotes":""},"categories":[241,235],"tags":[],"class_list":{"0":"post-122890","1":"post","2":"type-post","3":"status-publish","4":"format-standard","5":"has-post-thumbnail","7":"category-aktualitet","8":"category-vendi"},"_links":{"self":[{"href":"https:\/\/zjarr.tv\/sq\/wp-json\/wp\/v2\/posts\/122890","targetHints":{"allow":["GET"]}}],"collection":[{"href":"https:\/\/zjarr.tv\/sq\/wp-json\/wp\/v2\/posts"}],"about":[{"href":"https:\/\/zjarr.tv\/sq\/wp-json\/wp\/v2\/types\/post"}],"author":[{"embeddable":true,"href":"https:\/\/zjarr.tv\/sq\/wp-json\/wp\/v2\/users\/2013"}],"replies":[{"embeddable":true,"href":"https:\/\/zjarr.tv\/sq\/wp-json\/wp\/v2\/comments?post=122890"}],"version-history":[{"count":0,"href":"https:\/\/zjarr.tv\/sq\/wp-json\/wp\/v2\/posts\/122890\/revisions"}],"wp:featuredmedia":[{"embeddable":true,"href":"https:\/\/zjarr.tv\/sq\/wp-json\/wp\/v2\/media\/114709"}],"wp:attachment":[{"href":"https:\/\/zjarr.tv\/sq\/wp-json\/wp\/v2\/media?parent=122890"}],"wp:term":[{"taxonomy":"category","embeddable":true,"href":"https:\/\/zjarr.tv\/sq\/wp-json\/wp\/v2\/categories?post=122890"},{"taxonomy":"post_tag","embeddable":true,"href":"https:\/\/zjarr.tv\/sq\/wp-json\/wp\/v2\/tags?post=122890"}],"curies":[{"name":"wp","href":"https:\/\/api.w.org\/{rel}","templated":true}]}}