{"id":122892,"date":"2020-02-27T16:34:10","date_gmt":"2020-02-27T15:34:10","guid":{"rendered":"https:\/\/zjarr.tv\/?p=122892"},"modified":"2020-02-27T16:34:10","modified_gmt":"2020-02-27T15:34:10","slug":"ish-ministri-i-brendshem-kthehet-nga-shba-dhe-ben-gjestin-me-shqiponjen-perkrah-metes-konfirmon-pjesemarrjen-ne-tubimin-e-2-marsit","status":"publish","type":"post","link":"https:\/\/zjarr.tv\/sq\/ish-ministri-i-brendshem-kthehet-nga-shba-dhe-ben-gjestin-me-shqiponjen-perkrah-metes-konfirmon-pjesemarrjen-ne-tubimin-e-2-marsit\/","title":{"rendered":"Ish-ministri i brendsh\u00ebm kthehet nga SHBA dhe b\u00ebn gjestin me shqiponj\u00ebn p\u00ebrkrah Met\u00ebs, konfirmon pjes\u00ebmarrjen n\u00eb tubimin e 2 marsit"},"content":{"rendered":"<p>Ish-ministri i Brendsh\u00ebm teknik Dritan Demiraj ka udh\u00ebtuar nga Shtetet e Bashkuara t\u00eb Amerik\u00ebs drejt Tiran\u00ebs, p\u00ebr t\u00eb marr\u00eb pjes\u00eb n\u00eb manifestimin e 2 marsit, i thirrur nga presidenti Ilir Meta n\u00eb mbrojtje t\u00eb Kushtetut\u00ebs.<\/p>\n<p>Ka qen\u00eb vet ish-ministri i PD-s\u00eb q\u00eb ka b\u00ebr\u00eb t\u00eb ditur k\u00ebt\u00eb fakt, nd\u00ebrsa shfaqet n\u00eb nj\u00eb foto me Met\u00ebn, duke b\u00ebr\u00eb t\u00eb dy simbolin e shqiponj\u00ebs me dor\u00eb. Ai theksoi se bashk\u00eb me shum\u00eb bashk\u00ebkomb\u00ebs nga New Yorku, Ne\u00eb Jersey, Michigani, Chicago dhe Bostoni kan\u00eb ardhur n\u00eb Shqip\u00ebri p\u00ebr t\u2019ju p\u00ebrgjigjur thirrjes s\u00eb Meta p\u00ebr shp\u00ebtuar demokracin\u00eb dhe p\u00ebr t\u00eb mos lejuar vendin te kthehet 30 vjet prapa.<\/p>\n<p><strong>REAGIMI I DEMIRAJT<\/strong><br \/>\nTe nderuar bashkekombas!<br \/>\nSituata politike ne Shqiperi nuk ka qene asnjehere me keq se sot. Vendi po futet ne diktature dhe sot me shume se kurre eshte mundesia e fundit per te reaguar.<\/p>\n<p>Rilindja pasi mori te gjithe pushtetet ekzekutive, legjislative, gjyqesore, mediat, me PPP-te, kanabizimin e te gjithe vendit, etj tani ka vendosur qe te shkaterroje dhe gurin e fundit te shtetit Shqiptar: Kushtetuten e Shenjte te Republikes se Shqiperise.<br \/>\nPrandaj se bashku me shume bashkekombas nga Ne\u00eb Yorku, Ne\u00eb Jersey, Michigani, Chicago dhe Bostoni kemi ardhur ne Shqiperi per tju pergjigjur thirrjes se Komandantit te Pergjithshem te Forcave te Armatosura Z. Ilir Meta per shpetuar demokracine dhe per te mos lejuar vendin te kthehet 30 vjet prapa.<\/p>\n<p>Megjithese sot Presidenti Meta kishte nje dite shume te ngarkuar, perseri me dha mundesine dhe kenaqesine qe ta takoja ne zyre.<\/p>\n<p>Ne kemi ardhur nga Amerika, po ju vellezer dhe motra do na bashkoheni?<\/p>\n<p>Kushdo qe e do me zemer vendin, te bashkohemi ne mitingun paqesor te dates 2 mars ne oren 17:00 ne mbrojtje te Kushtetutes se Republikes se Shqiperise njelloj si\u00e7 e mbrojne dhe qytetaret amerikane Kushtetuten e SHBA-ve.<\/p>\n<p>D.D. Tirane. Shqiperi.<\/p>\n","protected":false},"excerpt":{"rendered":"<p>Ish-ministri i Brendsh\u00ebm teknik Dritan Demiraj ka udh\u00ebtuar nga Shtetet e Bashkuara t\u00eb Amerik\u00ebs drejt Tiran\u00ebs, p\u00ebr t\u00eb marr\u00eb pjes\u00eb n\u00eb manifestimin e 2 marsit, i thirrur nga presidenti Ilir Meta n\u00eb mbrojtje t\u00eb Kushtetut\u00ebs. Ka qen\u00eb vet ish-ministri i PD-s\u00eb q\u00eb ka b\u00ebr\u00eb t\u00eb ditur k\u00ebt\u00eb fakt, nd\u00ebrsa shfaqet n\u00eb nj\u00eb foto me Met\u00ebn, [&hellip;]<\/p>\n","protected":false},"author":2013,"featured_media":122893,"comment_status":"open","ping_status":"closed","sticky":false,"template":"","format":"standard","meta":{"footnotes":""},"categories":[241,235],"tags":[],"class_list":{"0":"post-122892","1":"post","2":"type-post","3":"status-publish","4":"format-standard","5":"has-post-thumbnail","7":"category-aktualitet","8":"category-vendi"},"_links":{"self":[{"href":"https:\/\/zjarr.tv\/sq\/wp-json\/wp\/v2\/posts\/122892","targetHints":{"allow":["GET"]}}],"collection":[{"href":"https:\/\/zjarr.tv\/sq\/wp-json\/wp\/v2\/posts"}],"about":[{"href":"https:\/\/zjarr.tv\/sq\/wp-json\/wp\/v2\/types\/post"}],"author":[{"embeddable":true,"href":"https:\/\/zjarr.tv\/sq\/wp-json\/wp\/v2\/users\/2013"}],"replies":[{"embeddable":true,"href":"https:\/\/zjarr.tv\/sq\/wp-json\/wp\/v2\/comments?post=122892"}],"version-history":[{"count":0,"href":"https:\/\/zjarr.tv\/sq\/wp-json\/wp\/v2\/posts\/122892\/revisions"}],"wp:featuredmedia":[{"embeddable":true,"href":"https:\/\/zjarr.tv\/sq\/wp-json\/wp\/v2\/media\/122893"}],"wp:attachment":[{"href":"https:\/\/zjarr.tv\/sq\/wp-json\/wp\/v2\/media?parent=122892"}],"wp:term":[{"taxonomy":"category","embeddable":true,"href":"https:\/\/zjarr.tv\/sq\/wp-json\/wp\/v2\/categories?post=122892"},{"taxonomy":"post_tag","embeddable":true,"href":"https:\/\/zjarr.tv\/sq\/wp-json\/wp\/v2\/tags?post=122892"}],"curies":[{"name":"wp","href":"https:\/\/api.w.org\/{rel}","templated":true}]}}