{"id":122906,"date":"2020-02-28T11:52:17","date_gmt":"2020-02-28T10:52:17","guid":{"rendered":"https:\/\/zjarr.tv\/?p=122906"},"modified":"2020-02-28T11:52:17","modified_gmt":"2020-02-28T10:52:17","slug":"banoret-e-unazes-se-re-kerkese-spak-fillo-hetimet-ndaj-bashkise","status":"publish","type":"post","link":"https:\/\/zjarr.tv\/sq\/banoret-e-unazes-se-re-kerkese-spak-fillo-hetimet-ndaj-bashkise\/","title":{"rendered":"Banor\u00ebt e Unaz\u00ebs s\u00eb Re k\u00ebrkes\u00eb SPAK: Fillo hetimet ndaj bashkis\u00eb"},"content":{"rendered":"<p>Banor\u00ebt e Unaz\u00ebs s\u00eb Re kan\u00eb depozituar nj\u00eb kall\u00ebzim penal n\u00eb SPAK ku k\u00ebrkojn\u00eb hetimin p\u00ebr projektin e Unaz\u00ebs. N\u00eb letr\u00ebn e siguruar nga Ora News, thuhet se projekti i hartuar nga kompania me administrator Arben Dervishaj, \u00ebsht\u00eb i paligjsh\u00ebm dhe me plot shkelje.<\/p>\n<p>\u201cProjekti i Pallatit me Shiegjeta dhe Rrethrrotullimi Sheshi Shqiponja i hrtuar nga kompania AVE Consulting me administrator Arben Dervishaj \u00ebsht\u00eb i paligjsh\u00ebm dhe me plot shkelje ligjore t\u00eb faktuara nga ekspert\u00eb ligjor\u00eb t\u00eb licencuar nga organet e drejt\u00ebsis\u00eb\u201d, thuhet n\u00eb letr\u00ebn e banor\u00ebve t\u00eb Unaz\u00ebs s\u00eb Re.<\/p>\n<p>Nd\u00ebrkoh\u00eb, m\u00eb tej, ata k\u00ebrkojn\u00eb nisjen e hetimit p\u00ebr projektin nga Pallati me Shigjeta te Sheshi Shqiponja. Gjithashtu, k\u00ebrkohet hetimi p\u00ebr p\u00ebr Autoritetin Rrugor Shqiptar, q\u00eb sipas banor\u00ebve, n\u00eb und\u00ebrshtim me projektin e miratuar ka vendosur kryqe t\u00eb kuq n\u00eb distanca q\u00eb nuk jan\u00eb miratuar.<\/p>\n<p>N\u00eb k\u00ebt\u00eb linj\u00eb, banor\u00ebt k\u00ebrkojn\u00eb q\u00eb personat q\u00eb kan\u00eb vendosur kryqet t\u00eb hetohen dhe vihen para drejt\u00ebsis\u00eb. Nd\u00ebrsa n\u00eb fund t\u00eb k\u00ebrkes\u00ebs k\u00ebrkojn\u00eb q\u00eb t\u00eb nisin hetimet edhe ndaj bashkis\u00eb s\u00eb Tiran\u00ebs.<\/p>\n<p><img decoding=\"async\" class=\"fr-fic fr-dib\" src=\"https:\/\/www.oranews.tv\/storage\/app\/media\/home\/ora\/public_html\/storage\/app\/media\/2020\/02\/28\/72be17a8-9b27-4064-9bb1-975b296a5e21.jpg\" data-result=\"success\" \/><\/p>\n","protected":false},"excerpt":{"rendered":"<p>Banor\u00ebt e Unaz\u00ebs s\u00eb Re kan\u00eb depozituar nj\u00eb kall\u00ebzim penal n\u00eb SPAK ku k\u00ebrkojn\u00eb hetimin p\u00ebr projektin e Unaz\u00ebs. N\u00eb letr\u00ebn e siguruar nga Ora News, thuhet se projekti i hartuar nga kompania me administrator Arben Dervishaj, \u00ebsht\u00eb i paligjsh\u00ebm dhe me plot shkelje. \u201cProjekti i Pallatit me Shiegjeta dhe Rrethrrotullimi Sheshi Shqiponja i hrtuar [&hellip;]<\/p>\n","protected":false},"author":2013,"featured_media":56263,"comment_status":"open","ping_status":"closed","sticky":false,"template":"","format":"standard","meta":{"footnotes":""},"categories":[241,235],"tags":[],"class_list":{"0":"post-122906","1":"post","2":"type-post","3":"status-publish","4":"format-standard","5":"has-post-thumbnail","7":"category-aktualitet","8":"category-vendi"},"_links":{"self":[{"href":"https:\/\/zjarr.tv\/sq\/wp-json\/wp\/v2\/posts\/122906","targetHints":{"allow":["GET"]}}],"collection":[{"href":"https:\/\/zjarr.tv\/sq\/wp-json\/wp\/v2\/posts"}],"about":[{"href":"https:\/\/zjarr.tv\/sq\/wp-json\/wp\/v2\/types\/post"}],"author":[{"embeddable":true,"href":"https:\/\/zjarr.tv\/sq\/wp-json\/wp\/v2\/users\/2013"}],"replies":[{"embeddable":true,"href":"https:\/\/zjarr.tv\/sq\/wp-json\/wp\/v2\/comments?post=122906"}],"version-history":[{"count":0,"href":"https:\/\/zjarr.tv\/sq\/wp-json\/wp\/v2\/posts\/122906\/revisions"}],"wp:featuredmedia":[{"embeddable":true,"href":"https:\/\/zjarr.tv\/sq\/wp-json\/wp\/v2\/media\/56263"}],"wp:attachment":[{"href":"https:\/\/zjarr.tv\/sq\/wp-json\/wp\/v2\/media?parent=122906"}],"wp:term":[{"taxonomy":"category","embeddable":true,"href":"https:\/\/zjarr.tv\/sq\/wp-json\/wp\/v2\/categories?post=122906"},{"taxonomy":"post_tag","embeddable":true,"href":"https:\/\/zjarr.tv\/sq\/wp-json\/wp\/v2\/tags?post=122906"}],"curies":[{"name":"wp","href":"https:\/\/api.w.org\/{rel}","templated":true}]}}