{"id":122912,"date":"2020-02-28T11:56:39","date_gmt":"2020-02-28T10:56:39","guid":{"rendered":"https:\/\/zjarr.tv\/?p=122912"},"modified":"2020-02-28T11:56:39","modified_gmt":"2020-02-28T10:56:39","slug":"tubimi-i-2-marsit-blushi-manifestim-madheshtor-me-flamuj-kuqezi-shmangni-provokimet","status":"publish","type":"post","link":"https:\/\/zjarr.tv\/sq\/tubimi-i-2-marsit-blushi-manifestim-madheshtor-me-flamuj-kuqezi-shmangni-provokimet\/","title":{"rendered":"Tubimi i 2 marsit, Blushi: Manifestim madh\u00ebshtor me flamuj kuqezi, shmangni provokimet"},"content":{"rendered":"<p>K\u00ebshilltari i Presidentit p\u00ebr mediat, Tedi Blushi b\u00ebri nj\u00eb reagim n\u00eb lidhje me tubimin e 2 marsit. Ai thekson n\u00eb reagimin e tij se tubimi do t\u00eb jet\u00eb gjith\u00ebp\u00ebrfshir\u00ebs dhe vet\u00ebm me flamujt kuqezi. Blushi, u b\u00ebn thirrje qytetar\u00ebve q\u00eb n\u00eb k\u00ebt\u00eb manifestim nuk duhet t\u00eb ket\u00eb dhun\u00eb ndaj institucioneve, nd\u00ebrsa k\u00ebrkon q\u00eb t\u00eb shmanget \u00e7do provokim. Ai gjithashtu ka publikuar edhe numrat e telefonit apo emaile t\u00eb personave q\u00eb jan\u00eb pjes\u00eb e grupit t\u00eb pun\u00ebs p\u00ebr organizimin e k\u00ebtij manifestimi.<\/p>\n<p><strong>Tedi Blushi:<\/strong>\u00a0<em>T\u00eb dashur qytetar\u00eb, Me rastin e Manifestimit madh\u00ebshtor Mbar\u00ebkomb\u00ebtar q\u00eb po afron k\u00ebrkojm\u00eb jo vet\u00ebm pjes\u00ebmarrjen Tuaj, por edhe bashk\u00ebpunimin p\u00ebr realizimin e tij n\u00eb m\u00ebnyr\u00ebn m\u00eb qytetare, europiane dhe patriotike.<\/em><\/p>\n<p><em>Theksojm\u00eb edhe nj\u00ebher\u00eb q\u00ebllimin gjith\u00ebp\u00ebrfshir\u00ebs t\u00eb k\u00ebtij Manifestimi, ndaj vet\u00ebm flamujt kuqezi jan\u00eb t\u00eb mir\u00ebpritur.<\/em><\/p>\n<p><em>Theksojm\u00eb se ky \u00ebsht\u00eb Manifestim, jo p\u00ebr dhun\u00eb ndaj institucioneve, por kund\u00ebr dhun\u00ebs sistematike q\u00eb nj\u00eb grup pu\u00e7ist\u00ebsh ushtrojn\u00eb ndaj Kushtetut\u00ebs dhe t\u00eb drejtave tuaja kushtetuese.<\/em><\/p>\n<p><em>Ndaj n\u00ebse mundeni edhe mimozat jan\u00eb t\u00eb mir\u00ebpritura.<\/em><\/p>\n<p><em>Ju ftojm\u00eb t\u00eb shmangni \u00e7do incident dhe provokim nga cilido, dhe p\u00ebrdorni celularin tuaj p\u00ebr t\u00eb regjistruar \u00e7do gj\u00eb.<\/em><\/p>\n<p><em>N\u00eb Presidenc\u00eb funksionon nj\u00eb grup organizator pa pushim, me t\u00eb cil\u00ebt mund t\u00eb kontaktoni:<\/em><\/p>\n<p><em>K\u00ebshilltari p\u00ebr Mbrojtjen, z.Ded\u00eb Prenga<\/em><\/p>\n<p><em>Num\u00ebr celulari: +355699848359<\/em><\/p>\n<p><em>K\u00ebshilltari p\u00ebr Emergjencat Civile, z.Shemsi Pren\u00e7i<\/em><\/p>\n<p><em>Num\u00ebr celulari: +355696067755<\/em><\/p>\n<p><em>K\u00ebshilltari p\u00ebr Pushtetin Vendor, z.Ylli Asllani<\/em><\/p>\n<p><em>Num\u00ebr celulari: +355692053488<\/em><\/p>\n<p><em>P\u00ebr \u00e7do informacion dhe ide q\u00eb keni na kontaktoni menj\u00ebher\u00eb dhe n\u00eb adresat e email:<\/em><\/p>\n<p><em>pranverakuqezi@president.al<\/em><\/p>\n<p><em>beselidhja@president.al<\/em><\/p>\n<p><em>P\u00ebr mbar\u00ebvajtjen e Manifestimit do t\u00eb ket\u00eb 3 mij\u00eb aktivist\u00eb me shirita kuqezi!<\/em><\/p>\n<p><em>Ju lutem bashk\u00ebpunoni me ta!<\/em><\/p>\n<p><em>E gjith\u00eb Europa dhe bota do t\u2019i ket\u00eb syt\u00eb n\u00eb Tiran\u00eb m\u00eb 2 mars. Aty ku do t\u00eb jeni edhe ju!<\/em><\/p>\n<p><em>MIR\u00cbSEVINI N\u00cb PRANVER\u00cbN KUQEZI!\u00a0<\/em><\/p>\n<p><iframe loading=\"lazy\" src=\"https:\/\/www.facebook.com\/plugins\/video.php?href=https%3A%2F%2Fwww.facebook.com%2Fblushited%2Fvideos%2F10158029790932760%2F&amp;show_text=0&amp;width=560\" width=\"560\" height=\"315\" frameborder=\"0\" scrolling=\"no\" allowfullscreen=\"allowfullscreen\" data-mce-fragment=\"1\"><\/iframe><\/p>\n<p>&nbsp;<\/p>\n","protected":false},"excerpt":{"rendered":"<p>K\u00ebshilltari i Presidentit p\u00ebr mediat, Tedi Blushi b\u00ebri nj\u00eb reagim n\u00eb lidhje me tubimin e 2 marsit. Ai thekson n\u00eb reagimin e tij se tubimi do t\u00eb jet\u00eb gjith\u00ebp\u00ebrfshir\u00ebs dhe vet\u00ebm me flamujt kuqezi. Blushi, u b\u00ebn thirrje qytetar\u00ebve q\u00eb n\u00eb k\u00ebt\u00eb manifestim nuk duhet t\u00eb ket\u00eb dhun\u00eb ndaj institucioneve, nd\u00ebrsa k\u00ebrkon q\u00eb t\u00eb shmanget [&hellip;]<\/p>\n","protected":false},"author":2013,"featured_media":0,"comment_status":"open","ping_status":"closed","sticky":false,"template":"","format":"standard","meta":{"footnotes":""},"categories":[241,235],"tags":[],"class_list":{"0":"post-122912","1":"post","2":"type-post","3":"status-publish","4":"format-standard","6":"category-aktualitet","7":"category-vendi"},"_links":{"self":[{"href":"https:\/\/zjarr.tv\/sq\/wp-json\/wp\/v2\/posts\/122912","targetHints":{"allow":["GET"]}}],"collection":[{"href":"https:\/\/zjarr.tv\/sq\/wp-json\/wp\/v2\/posts"}],"about":[{"href":"https:\/\/zjarr.tv\/sq\/wp-json\/wp\/v2\/types\/post"}],"author":[{"embeddable":true,"href":"https:\/\/zjarr.tv\/sq\/wp-json\/wp\/v2\/users\/2013"}],"replies":[{"embeddable":true,"href":"https:\/\/zjarr.tv\/sq\/wp-json\/wp\/v2\/comments?post=122912"}],"version-history":[{"count":0,"href":"https:\/\/zjarr.tv\/sq\/wp-json\/wp\/v2\/posts\/122912\/revisions"}],"wp:attachment":[{"href":"https:\/\/zjarr.tv\/sq\/wp-json\/wp\/v2\/media?parent=122912"}],"wp:term":[{"taxonomy":"category","embeddable":true,"href":"https:\/\/zjarr.tv\/sq\/wp-json\/wp\/v2\/categories?post=122912"},{"taxonomy":"post_tag","embeddable":true,"href":"https:\/\/zjarr.tv\/sq\/wp-json\/wp\/v2\/tags?post=122912"}],"curies":[{"name":"wp","href":"https:\/\/api.w.org\/{rel}","templated":true}]}}