{"id":122918,"date":"2020-02-28T11:59:13","date_gmt":"2020-02-28T10:59:13","guid":{"rendered":"https:\/\/zjarr.tv\/?p=122918"},"modified":"2020-02-28T11:59:13","modified_gmt":"2020-02-28T10:59:13","slug":"rindertimi-rama-fajeson-juristet-per-shkak-te-tyre-sot-nuk-kemi-punetore","status":"publish","type":"post","link":"https:\/\/zjarr.tv\/sq\/rindertimi-rama-fajeson-juristet-per-shkak-te-tyre-sot-nuk-kemi-punetore\/","title":{"rendered":"Rind\u00ebrtimi, Rama \u201cfaj\u00ebson\u201d jurist\u00ebt: P\u00ebr shkak t\u00eb tyre sot nuk kemi pun\u00ebtor\u00eb"},"content":{"rendered":"<p>Nga konferenca ku prezantuan projektet e rind\u00ebrtimit, Rama tha se nd\u00ebrtimet e reja do t\u00eb jen\u00eb cil\u00ebsore dhe t\u00eb q\u00ebndrueshme. Ai u shpreh se qeveria ka b\u00ebr\u00eb shum\u00eb k\u00ebrkime n\u00eb lidhur me modelet e nd\u00ebrtimit, dhe n\u00eb fund vendosi t\u00eb zgjidhte modelet m\u00eb t\u00eb kushtueshme dhe t\u00eb q\u00ebndrueshme.<\/p>\n<p><strong>Edi Rama:<\/strong>\u00a0<em>Ajo q\u00eb dua t\u00eb theksoj \u00ebsht\u00eb se b\u00ebhet fjal\u00eb p\u00ebr nj\u00eb sistem me t\u00eb cilin sot nd\u00ebrtohen resorte turistike me 5 yje. Kemi b\u00ebr\u00eb shum\u00eb k\u00ebrkime, analiza nga grupet pun\u00ebs dhe kemi preferuar q\u00eb t\u00eb paguajm\u00eb m\u00eb shum\u00eb p\u00ebr t\u00eb garantuar nj\u00eb q\u00ebndrueshm\u00ebri shum\u00eb t\u00eb lart\u00eb. B\u00ebhet fjal\u00eb p\u00ebr nd\u00ebrtime q\u00eb kan\u00eb garanci. T\u00eb tjerat kan\u00eb vite garancie m\u00eb t\u00eb ulta p\u00ebrfshi dhe nd\u00ebrtimet e sotme q\u00eb b\u00ebhen n\u00eb zonat periferike me tullat me vrima.<\/em><\/p>\n<p>Por, procesi i rind\u00ebrtimit do t\u00eb jet\u00eb nj\u00eb proces jo i leht\u00eb, p\u00ebr shkak t\u00eb nevoj\u00ebs s\u00eb krahut t\u00eb pun\u00ebs. Rama u shpreh se p\u00ebr k\u00ebt\u00eb proces do t\u00eb bashk\u00ebpunohet me shkollat profesionale, nd\u00ebrsa theksoi se kompanive q\u00eb do t\u00eb merren me procesin e rind\u00ebrtimit do t`u k\u00ebrkohet q\u00eb t\u00eb vendosin paga t\u00eb larta p\u00ebr pun\u00ebtor\u00ebt q\u00eb do t\u00eb pun\u00ebsojn\u00eb.<\/p>\n<p><strong>Edi Rama:<\/strong>\u00a0<em>Me k\u00ebt\u00eb proces hapet nj\u00eb front i madh pun\u00ebsimi, ku q\u00ebllimi yn\u00eb \u00ebsht\u00eb q\u00eb t\u00eb k\u00ebrkojm\u00eb nga kompanit\u00eb q\u00eb do t\u00eb hyn n\u00eb proces si fituese t\u00eb garave q\u00eb t\u00eb vendosin paga t\u00eb konsiderueshme. Jo paga t\u00eb ulta apo minimale p\u00ebr pun\u00ebtor\u00ebt. Do t\u00eb k\u00ebrkohet nj\u00eb pun\u00eb q\u00eb fillon n\u00eb dit\u00ebt n\u00eb vijim p\u00ebr t\u00eb trajnuar krah\u00eb pune, do u referohemi shkollave profesionale. Do i orientojm\u00eb nx\u00ebn\u00ebsite \u00a0shkollave profesionale q\u00eb t\u00eb aplikojn\u00eb p\u00ebr t\u00eb marr\u00eb pjes\u00eb n\u00eb k\u00ebt\u00eb proces kaq t\u00eb r\u00ebnd\u00ebsish\u00ebm p\u00ebr vendin.<\/em><\/p>\n<p>Rama \u201cfaj\u00ebsoi\u201d t\u00eb rinjt\u00eb q\u00eb kan\u00eb p\u00ebrfunduar universitetet p\u00ebr deg\u00eb q\u00eb nuk lidhen me nd\u00ebrtimin, duke u shprehur se p\u00ebr shkak t\u00eb tyre sot ka munges\u00eb t\u00eb krahut t\u00eb pun\u00ebs.<\/p>\n<p><strong>Edi Rama:<\/strong>\u00a0<em>B\u00ebhet fjal\u00eb p\u00ebr shum\u00eb vende pun\u00eb nd\u00ebrkoh\u00eb q\u00eb sot po e shohim se ka plot nevoja, madje dhe alarmante pik\u00ebrisht n\u00eb k\u00ebt\u00eb fush\u00eb p\u00ebr kompanit\u00eb q\u00eb po merren me meremetimet. Nuk ka kapacitete t\u00eb mjaftueshme t\u00eb krahut t\u00eb pun\u00ebs si pasoj\u00eb e shum\u00eb jurist\u00ebve q\u00eb q\u00ebndrojn\u00eb n\u00eb kafenet\u00eb posht\u00eb. E thoni ju nuk ka pun\u00eb. D\u00ebshirojm\u00eb shum\u00eb t\u00eb jemi t\u00eb shpejt\u00eb dhe cil\u00ebsor.<\/em><\/p>\n<p>Rama shtoi m\u00eb tej, se deri n\u00eb fund t\u00eb vitit, shpreson q\u00eb deri n\u00eb 90% e banesave t\u00eb ngrihen dhe njer\u00ebzit t\u00eb kalojn\u00eb nd\u00ebrrimin e viteve aty. Nd\u00ebrsa p\u00ebr blloqet e banimit tha se k\u00ebrkojn\u00eb m\u00eb shum\u00eb pun\u00eb p\u00ebr nd\u00ebrtimin.<\/p>\n<p><strong>Edi Rama:<\/strong>\u00a0<em>90-95% ti kemi t\u00eb ngritura dhe njer\u00ebzit t\u00eb kalojn\u00eb Vitin e Ri aty. Blloqet e banimit jan\u00eb pak m\u00eb t\u00eb komplikuara por besoj se st\u00eb gjitha kantieret do t\u00eb ngrihen brenda k\u00ebtij viti dhe n\u00eb fillim t\u00eb vitit tjet\u00ebr. Brenda 2021 do t\u00eb kemi filluar t\u00eb fusim nj\u00eb \u00a0pjes\u00eb t\u00eb madhe t\u00eb njer\u00ebzve n\u00eb k\u00ebto apartamente. 2020 \u00ebsht\u00eb viti i familjeve q\u00eb kan\u00eb humbur sht\u00ebpit\u00eb private dhe 2021 viti i atyre q\u00eb kan\u00eb humbur apartamentet.<\/em><\/p>\n","protected":false},"excerpt":{"rendered":"<p>Nga konferenca ku prezantuan projektet e rind\u00ebrtimit, Rama tha se nd\u00ebrtimet e reja do t\u00eb jen\u00eb cil\u00ebsore dhe t\u00eb q\u00ebndrueshme. Ai u shpreh se qeveria ka b\u00ebr\u00eb shum\u00eb k\u00ebrkime n\u00eb lidhur me modelet e nd\u00ebrtimit, dhe n\u00eb fund vendosi t\u00eb zgjidhte modelet m\u00eb t\u00eb kushtueshme dhe t\u00eb q\u00ebndrueshme. Edi Rama:\u00a0Ajo q\u00eb dua t\u00eb theksoj \u00ebsht\u00eb [&hellip;]<\/p>\n","protected":false},"author":2013,"featured_media":122919,"comment_status":"open","ping_status":"closed","sticky":false,"template":"","format":"standard","meta":{"footnotes":""},"categories":[241,235],"tags":[],"class_list":{"0":"post-122918","1":"post","2":"type-post","3":"status-publish","4":"format-standard","5":"has-post-thumbnail","7":"category-aktualitet","8":"category-vendi"},"_links":{"self":[{"href":"https:\/\/zjarr.tv\/sq\/wp-json\/wp\/v2\/posts\/122918","targetHints":{"allow":["GET"]}}],"collection":[{"href":"https:\/\/zjarr.tv\/sq\/wp-json\/wp\/v2\/posts"}],"about":[{"href":"https:\/\/zjarr.tv\/sq\/wp-json\/wp\/v2\/types\/post"}],"author":[{"embeddable":true,"href":"https:\/\/zjarr.tv\/sq\/wp-json\/wp\/v2\/users\/2013"}],"replies":[{"embeddable":true,"href":"https:\/\/zjarr.tv\/sq\/wp-json\/wp\/v2\/comments?post=122918"}],"version-history":[{"count":0,"href":"https:\/\/zjarr.tv\/sq\/wp-json\/wp\/v2\/posts\/122918\/revisions"}],"wp:featuredmedia":[{"embeddable":true,"href":"https:\/\/zjarr.tv\/sq\/wp-json\/wp\/v2\/media\/122919"}],"wp:attachment":[{"href":"https:\/\/zjarr.tv\/sq\/wp-json\/wp\/v2\/media?parent=122918"}],"wp:term":[{"taxonomy":"category","embeddable":true,"href":"https:\/\/zjarr.tv\/sq\/wp-json\/wp\/v2\/categories?post=122918"},{"taxonomy":"post_tag","embeddable":true,"href":"https:\/\/zjarr.tv\/sq\/wp-json\/wp\/v2\/tags?post=122918"}],"curies":[{"name":"wp","href":"https:\/\/api.w.org\/{rel}","templated":true}]}}