{"id":122925,"date":"2020-02-28T12:03:02","date_gmt":"2020-02-28T11:03:02","guid":{"rendered":"https:\/\/zjarr.tv\/?p=122925"},"modified":"2020-02-28T12:03:02","modified_gmt":"2020-02-28T11:03:02","slug":"te-dhenat-nga-zyra-europiane-e-azilanteve-ish-deputeti-i-lsi-se-rama-dhe-qeveria-e-tij-i-ka-detyruar-shqiptaret-te-largohen","status":"publish","type":"post","link":"https:\/\/zjarr.tv\/sq\/te-dhenat-nga-zyra-europiane-e-azilanteve-ish-deputeti-i-lsi-se-rama-dhe-qeveria-e-tij-i-ka-detyruar-shqiptaret-te-largohen\/","title":{"rendered":"T\u00eb dh\u00ebnat nga Zyra Europiane e Azilant\u00ebve, ish-deputeti i LSI-s\u00eb: Rama dhe qeveria e tij i ka detyruar shqiptar\u00ebt t\u00eb largohen"},"content":{"rendered":"<p>Ish-deputeti i LSI-s\u00eb Endrit Braimllari e b\u00ebn kryeministrin Edi Rama dhe qeverin\u00eb e tij p\u00ebrgjegj\u00ebsen e largimit t\u00eb mij\u00ebra shqiptar\u00ebve jasht\u00eb vendit. N\u00eb nj\u00eb postim n\u00eb \u201cFacebook\u201d, Braimllari duke iu referuar t\u00eb dh\u00ebnave nga Zyra Europiane e Azilant\u00ebve shkruan se shifrat e azilk\u00ebrkuesve nga Shqip\u00ebria jan\u00eb n\u00eb rritje dhe se kjo qeveri nuk iu ka l\u00ebn\u00eb rrug\u00eb tjet\u00ebr qytetar\u00ebve.<\/p>\n<p><strong>POSTIMI I BRAIMLLARIT<\/strong><\/p>\n<p>Edi Rama dhe qeveria e tij e Rilindjes i ka detyruar shqiptar\u00ebt t\u00eb largohen nga vendi dhe t\u00eb k\u00ebrkojn\u00eb azil edhe pse Shqip\u00ebria nuk \u00ebsht\u00eb n\u00eb gjendje lufte.<\/p>\n<p>\ud83d\udcc8T\u00eb dh\u00ebnat nga Zyra Europiane e Azilant\u00ebve (EAS0), tregojn\u00eb q\u00eb shifrat e azilk\u00ebrkuesve nga vendi yn\u00eb jan\u00eb n\u00eb rritje: \u201cn\u00eb vitin 2019 aplikimet p\u00ebr Azil nga Shqip\u00ebria ishin 22.9 mij\u00eb\u201d.<br \/>\nQeveria e propagand\u00ebs, e paligjshm\u00ebris\u00eb, e dhunimit t\u00eb Kushtetut\u00ebs, e shkeljes s\u00eb t\u00eb drejtave t\u00eb njeriut, e varf\u00ebris\u00eb nuk iu ka l\u00ebn\u00eb rrug\u00eb tjet\u00ebr qytetar\u00ebve t\u00eb vendit, vet\u00ebm rrug\u00ebn e Azilit.<\/p>\n<p>Qytetar\u00ebt do t\u00eb \u00e7ojn\u00eb n\u00eb azil k\u00ebt\u00eb qeveri propagande e cila po i varf\u00ebron \u00e7do dit\u00eb dhe po i dhunon drejtp\u00ebrdrejt t\u00eb drejtat e tyre themelore.<br \/>\n#Shqiperiashtepiajuaj.\ud83c\udde6\ud83c\uddf1<\/p>\n<figure id=\"attachment_1243688\" class=\"wp-caption alignnone\"><a href=\"https:\/\/www.balkanweb.com\/wp-content\/uploads\/2020\/02\/Braimllari.png\" rel=\"lightbox\"><img loading=\"lazy\" decoding=\"async\" class=\"size-full wp-image-1243688\" src=\"https:\/\/www.balkanweb.com\/wp-content\/uploads\/2020\/02\/Braimllari.png\" sizes=\"auto, (max-width: 503px) 100vw, 503px\" srcset=\"https:\/\/www.balkanweb.com\/wp-content\/uploads\/2020\/02\/Braimllari.png 503w, https:\/\/www.balkanweb.com\/wp-content\/uploads\/2020\/02\/Braimllari-400x244.png 400w, https:\/\/www.balkanweb.com\/wp-content\/uploads\/2020\/02\/Braimllari-370x226.png 370w, https:\/\/www.balkanweb.com\/wp-content\/uploads\/2020\/02\/Braimllari-113x69.png 113w\" alt=\"Braimllari\" width=\"503\" height=\"307\" \/><\/a><\/figure>\n","protected":false},"excerpt":{"rendered":"<p>Ish-deputeti i LSI-s\u00eb Endrit Braimllari e b\u00ebn kryeministrin Edi Rama dhe qeverin\u00eb e tij p\u00ebrgjegj\u00ebsen e largimit t\u00eb mij\u00ebra shqiptar\u00ebve jasht\u00eb vendit. N\u00eb nj\u00eb postim n\u00eb \u201cFacebook\u201d, Braimllari duke iu referuar t\u00eb dh\u00ebnave nga Zyra Europiane e Azilant\u00ebve shkruan se shifrat e azilk\u00ebrkuesve nga Shqip\u00ebria jan\u00eb n\u00eb rritje dhe se kjo qeveri nuk iu ka [&hellip;]<\/p>\n","protected":false},"author":2013,"featured_media":57698,"comment_status":"open","ping_status":"closed","sticky":false,"template":"","format":"standard","meta":{"footnotes":""},"categories":[241,235],"tags":[],"class_list":{"0":"post-122925","1":"post","2":"type-post","3":"status-publish","4":"format-standard","5":"has-post-thumbnail","7":"category-aktualitet","8":"category-vendi"},"_links":{"self":[{"href":"https:\/\/zjarr.tv\/sq\/wp-json\/wp\/v2\/posts\/122925","targetHints":{"allow":["GET"]}}],"collection":[{"href":"https:\/\/zjarr.tv\/sq\/wp-json\/wp\/v2\/posts"}],"about":[{"href":"https:\/\/zjarr.tv\/sq\/wp-json\/wp\/v2\/types\/post"}],"author":[{"embeddable":true,"href":"https:\/\/zjarr.tv\/sq\/wp-json\/wp\/v2\/users\/2013"}],"replies":[{"embeddable":true,"href":"https:\/\/zjarr.tv\/sq\/wp-json\/wp\/v2\/comments?post=122925"}],"version-history":[{"count":0,"href":"https:\/\/zjarr.tv\/sq\/wp-json\/wp\/v2\/posts\/122925\/revisions"}],"wp:featuredmedia":[{"embeddable":true,"href":"https:\/\/zjarr.tv\/sq\/wp-json\/wp\/v2\/media\/57698"}],"wp:attachment":[{"href":"https:\/\/zjarr.tv\/sq\/wp-json\/wp\/v2\/media?parent=122925"}],"wp:term":[{"taxonomy":"category","embeddable":true,"href":"https:\/\/zjarr.tv\/sq\/wp-json\/wp\/v2\/categories?post=122925"},{"taxonomy":"post_tag","embeddable":true,"href":"https:\/\/zjarr.tv\/sq\/wp-json\/wp\/v2\/tags?post=122925"}],"curies":[{"name":"wp","href":"https:\/\/api.w.org\/{rel}","templated":true}]}}