{"id":122927,"date":"2020-02-28T12:04:57","date_gmt":"2020-02-28T11:04:57","guid":{"rendered":"https:\/\/zjarr.tv\/?p=122927"},"modified":"2020-02-28T12:04:57","modified_gmt":"2020-02-28T11:04:57","slug":"meta-me-dy-gishta-fton-qytetaret-per-2-marsin-i-paduruar-per-tu-bashkuar-me-ju-per-pranveren-kuq-e-zi","status":"publish","type":"post","link":"https:\/\/zjarr.tv\/sq\/meta-me-dy-gishta-fton-qytetaret-per-2-marsin-i-paduruar-per-tu-bashkuar-me-ju-per-pranveren-kuq-e-zi\/","title":{"rendered":"Meta me dy gishta fton qytetar\u00ebt p\u00ebr 2 marsin: I paduruar p\u00ebr t\u2019u bashkuar me ju p\u00ebr pranver\u00ebn \u201cKuq e zi\u201d"},"content":{"rendered":"<p>Presidenti Ilir Meta vjen me nj\u00eb mesazh drejtuar shqiptar\u00ebve, teksa po afrohet 2 marsi, dat\u00eb n\u00eb t\u00eb cil\u00ebn ai ka thirrur qytetar\u00ebt q\u00eb t\u2019i bashkohen manifestit n\u00eb mbrojtje t\u00eb Kushtetut\u00ebs. N\u00eb videomesazh, kreu i shtetit, shfaqet i buz\u00ebqeshur, ku p\u00ebrsh\u00ebndet me dy gishta, nd\u00ebrsa e cil\u00ebson 2 marsin si pranver\u00ebn \u2018kuq e zi\u2019.<\/p>\n<p>\u201cT\u00eb dashur qytetar, i paduruar p\u00ebr t\u2019u bashkuar dhe un\u00eb me ju n\u00eb 2 mars p\u00ebr pranver\u00ebn \u2018Kuq e zi\u2019.\u201d, shprehet Meta n\u00eb videomesazh.<\/p>\n","protected":false},"excerpt":{"rendered":"<p>Presidenti Ilir Meta vjen me nj\u00eb mesazh drejtuar shqiptar\u00ebve, teksa po afrohet 2 marsi, dat\u00eb n\u00eb t\u00eb cil\u00ebn ai ka thirrur qytetar\u00ebt q\u00eb t\u2019i bashkohen manifestit n\u00eb mbrojtje t\u00eb Kushtetut\u00ebs. N\u00eb videomesazh, kreu i shtetit, shfaqet i buz\u00ebqeshur, ku p\u00ebrsh\u00ebndet me dy gishta, nd\u00ebrsa e cil\u00ebson 2 marsin si pranver\u00ebn \u2018kuq e zi\u2019. \u201cT\u00eb dashur [&hellip;]<\/p>\n","protected":false},"author":2013,"featured_media":122928,"comment_status":"open","ping_status":"closed","sticky":false,"template":"","format":"standard","meta":{"footnotes":""},"categories":[241,235],"tags":[],"class_list":{"0":"post-122927","1":"post","2":"type-post","3":"status-publish","4":"format-standard","5":"has-post-thumbnail","7":"category-aktualitet","8":"category-vendi"},"_links":{"self":[{"href":"https:\/\/zjarr.tv\/sq\/wp-json\/wp\/v2\/posts\/122927","targetHints":{"allow":["GET"]}}],"collection":[{"href":"https:\/\/zjarr.tv\/sq\/wp-json\/wp\/v2\/posts"}],"about":[{"href":"https:\/\/zjarr.tv\/sq\/wp-json\/wp\/v2\/types\/post"}],"author":[{"embeddable":true,"href":"https:\/\/zjarr.tv\/sq\/wp-json\/wp\/v2\/users\/2013"}],"replies":[{"embeddable":true,"href":"https:\/\/zjarr.tv\/sq\/wp-json\/wp\/v2\/comments?post=122927"}],"version-history":[{"count":0,"href":"https:\/\/zjarr.tv\/sq\/wp-json\/wp\/v2\/posts\/122927\/revisions"}],"wp:featuredmedia":[{"embeddable":true,"href":"https:\/\/zjarr.tv\/sq\/wp-json\/wp\/v2\/media\/122928"}],"wp:attachment":[{"href":"https:\/\/zjarr.tv\/sq\/wp-json\/wp\/v2\/media?parent=122927"}],"wp:term":[{"taxonomy":"category","embeddable":true,"href":"https:\/\/zjarr.tv\/sq\/wp-json\/wp\/v2\/categories?post=122927"},{"taxonomy":"post_tag","embeddable":true,"href":"https:\/\/zjarr.tv\/sq\/wp-json\/wp\/v2\/tags?post=122927"}],"curies":[{"name":"wp","href":"https:\/\/api.w.org\/{rel}","templated":true}]}}