{"id":122935,"date":"2020-02-28T12:23:11","date_gmt":"2020-02-28T11:23:11","guid":{"rendered":"https:\/\/zjarr.tv\/?p=122935"},"modified":"2020-02-28T12:23:11","modified_gmt":"2020-02-28T11:23:11","slug":"rama-tha-se-meta-ka-me-shume-se-nje-shtepi-reagon-blushi-sa-shtepi-ka-gruaja-e-bilalit","status":"publish","type":"post","link":"https:\/\/zjarr.tv\/sq\/rama-tha-se-meta-ka-me-shume-se-nje-shtepi-reagon-blushi-sa-shtepi-ka-gruaja-e-bilalit\/","title":{"rendered":"Rama tha se Meta ka m\u00eb shum\u00eb se nj\u00eb sht\u00ebpi, reagon Blushi: Sa sht\u00ebpi ka gruaja e Bilalit?"},"content":{"rendered":"<p>Pasi kryeministri Rama shmangu komentet p\u00ebr tubimin e 2 marsit n\u00eb konferenc\u00ebn p\u00ebr rind\u00ebrtimin, duke deklaruar se e ka hallin te banor\u00ebt e pastreh\u00eb dhe jo t\u00eb Presidenti q\u00eb ka m\u00eb shum\u00eb se nj\u00eb sht\u00ebpi, ka ardhur dhe reagimi i z\u00ebdh\u00ebn\u00ebsit t\u00eb Met\u00ebs.<\/p>\n<p>Tedi Blushi n\u00eb nj\u00eb koment n\u00eb facebook shkruan se Presidenti ka vet\u00ebm nj\u00eb sht\u00ebpi dhe ajo \u00ebsht\u00eb Shqip\u00ebria.<\/p>\n<p><em><strong>Blushi:\u00a0<\/strong>Lajm\u00ebrojeni gruan e Bilalit se Presidenti ka vet\u00ebm nj\u00eb sht\u00ebpi: Shqip\u00ebrin\u00eb. Sa sht\u00ebpi ka gruaja e Bilalit pyeteni vet\u00eb.<\/em><\/p>\n<p>Por \u00e7far\u00eb deklaroi Rama?<\/p>\n<p><strong>Rama:\u00a0<\/strong><em>Presidenti e ka sht\u00ebpin\u00eb, m\u00eb shum\u00eb se nj\u00eb sht\u00ebpi. Un\u00eb jam k\u00ebtu p\u00ebr sht\u00ebpit\u00eb e atyre q\u00eb jetojn\u00eb n\u00eb \u00e7adra, apo sht\u00ebpit\u00eb e t\u00eb tjer\u00ebve me qira dhe presin t\u00eb kthehen n\u00eb sht\u00ebpit\u00eb e tyre. P\u00ebr ata jam un\u00eb k\u00ebtu, jo thjesht n\u00eb k\u00ebt\u00eb konferenc\u00eb por n\u00eb t\u00eb gjitha or\u00ebt e dit\u00ebs sime me gjith\u00eb nat\u00ebn. Jua kam l\u00ebn\u00eb juve \u00e7\u00ebshtjen e presidentit, un\u00eb nuk merrem me presidentin. \u00cbsht\u00eb shum\u00eb luks i madh p\u00ebr mua.<\/em><\/p>\n","protected":false},"excerpt":{"rendered":"<p>Pasi kryeministri Rama shmangu komentet p\u00ebr tubimin e 2 marsit n\u00eb konferenc\u00ebn p\u00ebr rind\u00ebrtimin, duke deklaruar se e ka hallin te banor\u00ebt e pastreh\u00eb dhe jo t\u00eb Presidenti q\u00eb ka m\u00eb shum\u00eb se nj\u00eb sht\u00ebpi, ka ardhur dhe reagimi i z\u00ebdh\u00ebn\u00ebsit t\u00eb Met\u00ebs. Tedi Blushi n\u00eb nj\u00eb koment n\u00eb facebook shkruan se Presidenti ka vet\u00ebm [&hellip;]<\/p>\n","protected":false},"author":2013,"featured_media":122936,"comment_status":"open","ping_status":"closed","sticky":false,"template":"","format":"standard","meta":{"footnotes":""},"categories":[241,235],"tags":[],"class_list":{"0":"post-122935","1":"post","2":"type-post","3":"status-publish","4":"format-standard","5":"has-post-thumbnail","7":"category-aktualitet","8":"category-vendi"},"_links":{"self":[{"href":"https:\/\/zjarr.tv\/sq\/wp-json\/wp\/v2\/posts\/122935","targetHints":{"allow":["GET"]}}],"collection":[{"href":"https:\/\/zjarr.tv\/sq\/wp-json\/wp\/v2\/posts"}],"about":[{"href":"https:\/\/zjarr.tv\/sq\/wp-json\/wp\/v2\/types\/post"}],"author":[{"embeddable":true,"href":"https:\/\/zjarr.tv\/sq\/wp-json\/wp\/v2\/users\/2013"}],"replies":[{"embeddable":true,"href":"https:\/\/zjarr.tv\/sq\/wp-json\/wp\/v2\/comments?post=122935"}],"version-history":[{"count":0,"href":"https:\/\/zjarr.tv\/sq\/wp-json\/wp\/v2\/posts\/122935\/revisions"}],"wp:featuredmedia":[{"embeddable":true,"href":"https:\/\/zjarr.tv\/sq\/wp-json\/wp\/v2\/media\/122936"}],"wp:attachment":[{"href":"https:\/\/zjarr.tv\/sq\/wp-json\/wp\/v2\/media?parent=122935"}],"wp:term":[{"taxonomy":"category","embeddable":true,"href":"https:\/\/zjarr.tv\/sq\/wp-json\/wp\/v2\/categories?post=122935"},{"taxonomy":"post_tag","embeddable":true,"href":"https:\/\/zjarr.tv\/sq\/wp-json\/wp\/v2\/tags?post=122935"}],"curies":[{"name":"wp","href":"https:\/\/api.w.org\/{rel}","templated":true}]}}