{"id":122955,"date":"2020-02-28T15:10:26","date_gmt":"2020-02-28T14:10:26","guid":{"rendered":"https:\/\/zjarr.tv\/?p=122955"},"modified":"2020-02-28T15:10:26","modified_gmt":"2020-02-28T14:10:26","slug":"dhuna-ne-familje-1500-gra-kerkuan-urdher-mbrojtje-ne-tre-vite-ne-shkoder","status":"publish","type":"post","link":"https:\/\/zjarr.tv\/sq\/dhuna-ne-familje-1500-gra-kerkuan-urdher-mbrojtje-ne-tre-vite-ne-shkoder\/","title":{"rendered":"Dhuna n\u00eb familje, 1500 gra k\u00ebrkuan urdh\u00ebr mbrojtje n\u00eb tre vite n\u00eb Shkod\u00ebr"},"content":{"rendered":"<p><em>1500 gra i jan\u00eb drejtuar gjykat\u00ebs s\u00eb Shkodr\u00ebs n\u00eb tre vitet e fundit me k\u00ebrkes\u00eb padi p\u00ebr urdh\u00ebr mbrojtje, por vet\u00ebm 1 e 3 e tyre e ka p\u00ebrfituar mbrojtje. Mbi baz\u00eb t\u00eb k\u00ebtyre shifrave t\u00eb frikshme, 22 shoqatave akuzuan institucionet p\u00ebr d\u00ebshtim.<\/em><\/p>\n<p>1500 gra kan\u00eb k\u00ebrkuar urdh\u00ebr mbrojtje n\u00eb qarkun e Shkodr\u00ebs n\u00eb tre vitet e fundit p\u00ebr ti shp\u00ebtuar dhun\u00ebs n\u00eb familje.<\/p>\n<p>Por vet\u00ebm 500 prej tyre e kan\u00eb p\u00ebrfituar.<\/p>\n<p><em><strong>Denada Shpuza:<\/strong>\u00a0Edhe pse dhuna n\u00eb familje konsiderohet nga kodi penal si vep\u00ebr penale fatkeq\u00ebsisht nga shoq\u00ebria dhe ndonj\u00ebher\u00eb dhe nga institucionet vazhdon ende t\u00eb mos konsiderohetnj\u00eb vep\u00ebr e till\u00eb.<\/em><\/p>\n<p>Shifrat e frikshme u b\u00ebn\u00eb t\u00eb ditura nga p\u00ebrfaq\u00ebsues t\u00eb 22 shoqatave t\u00eb shoq\u00ebris\u00eb civile n\u00eb Shkod\u00ebr n\u00eb nj\u00eb reagim kund\u00ebr dhun\u00ebs ndaj grave, duke marr\u00eb shkas nga ngjarjet e fundit n\u00eb Rresh\u00ebn e Durr\u00ebs.<\/p>\n<p><em><strong>Denada Shpuza:<\/strong>\u00a0Shprehim indinjat\u00ebn, zhgenjimin, dhe shqet\u00ebsimin e madh q\u00eb lidhet me pafuqin\u00eb e organeve kompetente shtet\u00ebrore p\u00ebr t\u00eb parandaluar dhe nd\u00ebshkuar rastet e dhun\u00ebs q\u00eb ndodhin ndaj vajzave e grave.<\/em><\/p>\n<p>3 jan\u00eb k\u00ebrkesat kryesore t\u00eb k\u00ebtyre shoqatave p\u00ebrball\u00eb k\u00ebtij realiteti t\u00eb zymt\u00eb.<\/p>\n<p><em><strong>Denada Shpuza:<\/strong>\u00a0Dinjiteti njer\u00ebzor i vajzave dhe i grave t\u00eb respektohet dhe t\u00eb mbrohet me cdo kusht. Sistemi i mbrojtjes n\u00eb rang kombetare t\u00eb jet\u00eb funksional p\u00ebr \u00e7do individ, duke i kushtuar r\u00ebnd\u00ebsin\u00eb e duhur \u00e7\u00ebshtjeve q\u00eb kan\u00eb lidhje me dhun\u00ebn n\u00eb familje.Ashp\u00ebrsimin e masave ndaj dhunuesve dhe trajtim t\u00eb detyruesh\u00ebm rehabilitues p\u00ebr secilin prej tyre.<\/em><\/p>\n<p>Hapi i radh\u00ebs q\u00eb do t\u00eb nd\u00ebrmarrin k\u00ebto shoqata \u00ebsht\u00eb hartimi i nj\u00eb peticioni ku do t\u00eb k\u00ebrkojn\u00eb forcimin e reagimit t\u00eb institucioneve p\u00ebrball\u00eb burrave q\u00eb dhunojn\u00eb grat\u00eb.<\/p>\n<p>&nbsp;<\/p>\n","protected":false},"excerpt":{"rendered":"<p>1500 gra i jan\u00eb drejtuar gjykat\u00ebs s\u00eb Shkodr\u00ebs n\u00eb tre vitet e fundit me k\u00ebrkes\u00eb padi p\u00ebr urdh\u00ebr mbrojtje, por vet\u00ebm 1 e 3 e tyre e ka p\u00ebrfituar mbrojtje. Mbi baz\u00eb t\u00eb k\u00ebtyre shifrave t\u00eb frikshme, 22 shoqatave akuzuan institucionet p\u00ebr d\u00ebshtim. 1500 gra kan\u00eb k\u00ebrkuar urdh\u00ebr mbrojtje n\u00eb qarkun e Shkodr\u00ebs n\u00eb tre [&hellip;]<\/p>\n","protected":false},"author":2013,"featured_media":122956,"comment_status":"open","ping_status":"closed","sticky":false,"template":"","format":"standard","meta":{"footnotes":""},"categories":[241,235],"tags":[],"class_list":{"0":"post-122955","1":"post","2":"type-post","3":"status-publish","4":"format-standard","5":"has-post-thumbnail","7":"category-aktualitet","8":"category-vendi"},"_links":{"self":[{"href":"https:\/\/zjarr.tv\/sq\/wp-json\/wp\/v2\/posts\/122955","targetHints":{"allow":["GET"]}}],"collection":[{"href":"https:\/\/zjarr.tv\/sq\/wp-json\/wp\/v2\/posts"}],"about":[{"href":"https:\/\/zjarr.tv\/sq\/wp-json\/wp\/v2\/types\/post"}],"author":[{"embeddable":true,"href":"https:\/\/zjarr.tv\/sq\/wp-json\/wp\/v2\/users\/2013"}],"replies":[{"embeddable":true,"href":"https:\/\/zjarr.tv\/sq\/wp-json\/wp\/v2\/comments?post=122955"}],"version-history":[{"count":0,"href":"https:\/\/zjarr.tv\/sq\/wp-json\/wp\/v2\/posts\/122955\/revisions"}],"wp:featuredmedia":[{"embeddable":true,"href":"https:\/\/zjarr.tv\/sq\/wp-json\/wp\/v2\/media\/122956"}],"wp:attachment":[{"href":"https:\/\/zjarr.tv\/sq\/wp-json\/wp\/v2\/media?parent=122955"}],"wp:term":[{"taxonomy":"category","embeddable":true,"href":"https:\/\/zjarr.tv\/sq\/wp-json\/wp\/v2\/categories?post=122955"},{"taxonomy":"post_tag","embeddable":true,"href":"https:\/\/zjarr.tv\/sq\/wp-json\/wp\/v2\/tags?post=122955"}],"curies":[{"name":"wp","href":"https:\/\/api.w.org\/{rel}","templated":true}]}}