{"id":122964,"date":"2020-02-28T15:44:51","date_gmt":"2020-02-28T14:44:51","guid":{"rendered":"https:\/\/zjarr.tv\/?p=122964"},"modified":"2020-02-28T15:44:51","modified_gmt":"2020-02-28T14:44:51","slug":"tubimi-i-2-marsit-ambasada-e-shba-thirrje-amerikaneve-shmangni-sheshin-ku-do-zhvillohet-protesta","status":"publish","type":"post","link":"https:\/\/zjarr.tv\/sq\/tubimi-i-2-marsit-ambasada-e-shba-thirrje-amerikaneve-shmangni-sheshin-ku-do-zhvillohet-protesta\/","title":{"rendered":"Tubimi i 2 marsit, Ambasada e SHBA thirrje amerikan\u00ebve: Shmangni sheshin ku do zhvillohet protesta"},"content":{"rendered":"<p>Ambasada e Sthteteve t\u00eb Bashkuara t\u00eb Amerik\u00ebs n\u00eb Shqip\u00ebri i ka b\u00ebr\u00eb apel qytetar\u00ebvet t\u00eb saj t\u00eb b\u00ebjn\u00eb kujdes dit\u00ebn e h\u00ebn\u00eb, p\u00ebr shkak t\u00eb tubimit t\u00eb 2 marsit.<\/p>\n<p>N\u00eb njoftimin e saj, Ambasada thot\u00eb se n\u00eb demonstratat e kaluara ka pasur dhun\u00eb, ku nuk kan\u00eb munguar hedhja e ujit apo gazit lotsjell\u00ebs p\u00ebr t\u00eb shp\u00ebrndar\u00eb turmat. Ndaj, ambasada u b\u00ebn thirrje qytetar\u00ebve amerikan\u00eb q\u00eb jetojn\u00eb n\u00eb Shqip\u00ebri t\u00eb shmangin sheshin ku do t\u00eb mbahet tubimi.<\/p>\n<p><strong>Njoftimi i Ambasad\u00ebs s\u00eb SHBA:<\/strong>\u00a0<em>Nj\u00eb tubim politik pritet t\u00eb zhvillohet n\u00eb 2 mars 2020 duke filluar n\u00eb or\u00ebn 05:00 pasdite. Kh\u00ebzgjatja e tubimit t\u00eb pritsh\u00ebm \u00ebsht\u00eb e panjohur. Demonstrat e kaluara kan\u00eb pasur dhun\u00eb.\u00a0<\/em><\/p>\n<p><em>Forcat e siguris\u00eb kan\u00eb p\u00ebrdorur uj\u00eb dhe gaz lotsjell\u00ebs p\u00ebr t\u00eb shp\u00ebrndar\u00eb turmat. Personalei i Ambasad\u00ebs amerikane u b\u00ebjn\u00eb thirrje t\u00eb shmangni zon\u00ebn ku do t\u00eb mblidhen protestuesit. Monitoroni mediat vendore, jini t\u00eb vet\u00ebdijsh\u00ebm, mbani nj\u00eb profil t\u00eb ul\u00ebt.\u00a0<\/em><\/p>\n","protected":false},"excerpt":{"rendered":"<p>Ambasada e Sthteteve t\u00eb Bashkuara t\u00eb Amerik\u00ebs n\u00eb Shqip\u00ebri i ka b\u00ebr\u00eb apel qytetar\u00ebvet t\u00eb saj t\u00eb b\u00ebjn\u00eb kujdes dit\u00ebn e h\u00ebn\u00eb, p\u00ebr shkak t\u00eb tubimit t\u00eb 2 marsit. N\u00eb njoftimin e saj, Ambasada thot\u00eb se n\u00eb demonstratat e kaluara ka pasur dhun\u00eb, ku nuk kan\u00eb munguar hedhja e ujit apo gazit lotsjell\u00ebs p\u00ebr t\u00eb [&hellip;]<\/p>\n","protected":false},"author":2013,"featured_media":85291,"comment_status":"open","ping_status":"closed","sticky":false,"template":"","format":"standard","meta":{"footnotes":""},"categories":[241,235],"tags":[],"class_list":{"0":"post-122964","1":"post","2":"type-post","3":"status-publish","4":"format-standard","5":"has-post-thumbnail","7":"category-aktualitet","8":"category-vendi"},"_links":{"self":[{"href":"https:\/\/zjarr.tv\/sq\/wp-json\/wp\/v2\/posts\/122964","targetHints":{"allow":["GET"]}}],"collection":[{"href":"https:\/\/zjarr.tv\/sq\/wp-json\/wp\/v2\/posts"}],"about":[{"href":"https:\/\/zjarr.tv\/sq\/wp-json\/wp\/v2\/types\/post"}],"author":[{"embeddable":true,"href":"https:\/\/zjarr.tv\/sq\/wp-json\/wp\/v2\/users\/2013"}],"replies":[{"embeddable":true,"href":"https:\/\/zjarr.tv\/sq\/wp-json\/wp\/v2\/comments?post=122964"}],"version-history":[{"count":0,"href":"https:\/\/zjarr.tv\/sq\/wp-json\/wp\/v2\/posts\/122964\/revisions"}],"wp:featuredmedia":[{"embeddable":true,"href":"https:\/\/zjarr.tv\/sq\/wp-json\/wp\/v2\/media\/85291"}],"wp:attachment":[{"href":"https:\/\/zjarr.tv\/sq\/wp-json\/wp\/v2\/media?parent=122964"}],"wp:term":[{"taxonomy":"category","embeddable":true,"href":"https:\/\/zjarr.tv\/sq\/wp-json\/wp\/v2\/categories?post=122964"},{"taxonomy":"post_tag","embeddable":true,"href":"https:\/\/zjarr.tv\/sq\/wp-json\/wp\/v2\/tags?post=122964"}],"curies":[{"name":"wp","href":"https:\/\/api.w.org\/{rel}","templated":true}]}}