{"id":122969,"date":"2020-02-28T16:16:00","date_gmt":"2020-02-28T15:16:00","guid":{"rendered":"https:\/\/zjarr.tv\/?p=122969"},"modified":"2020-02-28T16:16:00","modified_gmt":"2020-02-28T15:16:00","slug":"2-ore-tubim-ne-2-mars-tedi-blushi-do-marrin-pjese-edhe-200-shqiptaro-amerikane","status":"publish","type":"post","link":"https:\/\/zjarr.tv\/sq\/2-ore-tubim-ne-2-mars-tedi-blushi-do-marrin-pjese-edhe-200-shqiptaro-amerikane\/","title":{"rendered":"&#8220;2 or\u00eb tubim n\u00eb 2 mars&#8221;, Tedi Blushi: Do marrin pjes\u00eb edhe 200 shqiptaro-amerikan\u00eb"},"content":{"rendered":"<p>Asnj\u00eb alert p\u00ebr dat\u00ebn 2 mars, p\u00ebr qytetar\u00ebt shqiptar\u00eb dhe t\u00eb huaj q\u00eb jetojn\u00eb dhe do t\u00eb mb\u00ebrrijn\u00eb n\u00eb Tiran\u00eb!<\/p>\n<p>P\u00ebrkundrazi, jemi shum\u00eb t\u00eb lumtur q\u00eb k\u00ebtij Manifestimi madh\u00ebshtor Mbar\u00ebkomb\u00ebtar do t\u2019i bashkohen edhe mbi 200 shqiptaro-amerikan\u00eb, t\u00eb cil\u00ebt na kan\u00eb konfirmuar pjes\u00ebmarrjen n\u00eb 2 mars dhe nj\u00eb pjes\u00eb e t\u00eb cil\u00ebve sapo kan\u00eb mb\u00ebrritur n\u00eb Atdhe.<\/p>\n<p>Dhe me t\u00eb drejt\u00eb, sepse p\u00ebr lirit\u00eb dhe vlerat amerikane, ata nuk mund t\u2019i marrin leje as Rilindjes dhe as ndonj\u00eb segmenti t\u00eb Sigurimit t\u00eb Shtetit, kudo q\u00eb ai t\u00eb ndodhet!<\/p>\n<p>Gjithashtu, mund t\u2019ju konfirmoj se sot paradite Presidenti Meta me k\u00ebrkes\u00ebn e tij ka pritur n\u00eb takim drejtuesit e lart\u00eb t\u00eb Policis\u00eb s\u00eb Shtetit, duke u konfirmuar bashk\u00ebpunimin maksimal t\u00eb Institucionit dhe t\u00eb tij, p\u00ebr mbar\u00ebvajtjen e k\u00ebtij Manifestimi madh\u00ebshtor Mbar\u00ebkomb\u00ebtar n\u00eb mbrojtje t\u00eb Kushtetut\u00ebs dhe demokracis\u00eb!<\/p>\n<p>\u00c7do detaj \u00ebsht\u00eb i mir\u00ebp\u00ebrcaktuar me koh\u00eb.<\/p>\n<p>Manifestimi fillon n\u00eb ora 17.00, me flamuj kuqezi dhe mimoza n\u00eb duar, e p\u00ebrfundon n\u00eb ora 19.00.<\/p>\n<p>Godina e Kryeministris\u00eb dhe Ministris\u00eb s\u00eb Brendshme do t\u00eb mbrohen nga aktivist\u00eb t\u00eb identifikuar. Shtetasve t\u00eb huaj, ve\u00e7an\u00ebrisht atyre shqiptaro-amerikan\u00eb q\u00eb do t\u00eb marrin pjes\u00eb do t\u2019u dhurohet nj\u00eb deg\u00eb mimoze dhe nj\u00eb Kushtetute e Shqip\u00ebris\u00eb, e votuar me 140 vota dhe me bekimin e Komisionit t\u00eb Venecias, SHBA-ve dhe BE-s\u00eb.<\/p>\n<p>Alerti i vet\u00ebm i 2 marsit, \u00ebsht\u00eb p\u00ebr pu\u00e7ist\u00ebt q\u00eb tallen me Kushtetut\u00ebn dhe sovranitetin e popullit shqiptar duke miratuar apo bekuar pabesisht ligje anti-kushtetuese!<\/p>\n<p>T\u00eb gjith\u00eb m\u00eb 2 mars p\u00ebr Kushtetut\u00ebn dhe kund\u00ebr grushtit t\u00eb shtetit.<\/p>\n<p>P\u00ebr Shqip\u00ebrin\u00eb dhe sovranitetin e popullit shqiptar!<\/p>\n<p>Zoti e bekoft\u00eb miq\u00ebsin\u00eb e pal\u00ebkundur shqiptaro-amerikane!<\/p>\n","protected":false},"excerpt":{"rendered":"<p>Asnj\u00eb alert p\u00ebr dat\u00ebn 2 mars, p\u00ebr qytetar\u00ebt shqiptar\u00eb dhe t\u00eb huaj q\u00eb jetojn\u00eb dhe do t\u00eb mb\u00ebrrijn\u00eb n\u00eb Tiran\u00eb! P\u00ebrkundrazi, jemi shum\u00eb t\u00eb lumtur q\u00eb k\u00ebtij Manifestimi madh\u00ebshtor Mbar\u00ebkomb\u00ebtar do t\u2019i bashkohen edhe mbi 200 shqiptaro-amerikan\u00eb, t\u00eb cil\u00ebt na kan\u00eb konfirmuar pjes\u00ebmarrjen n\u00eb 2 mars dhe nj\u00eb pjes\u00eb e t\u00eb cil\u00ebve sapo kan\u00eb mb\u00ebrritur [&hellip;]<\/p>\n","protected":false},"author":2013,"featured_media":99695,"comment_status":"open","ping_status":"closed","sticky":false,"template":"","format":"standard","meta":{"footnotes":""},"categories":[241,235],"tags":[],"class_list":{"0":"post-122969","1":"post","2":"type-post","3":"status-publish","4":"format-standard","5":"has-post-thumbnail","7":"category-aktualitet","8":"category-vendi"},"_links":{"self":[{"href":"https:\/\/zjarr.tv\/sq\/wp-json\/wp\/v2\/posts\/122969","targetHints":{"allow":["GET"]}}],"collection":[{"href":"https:\/\/zjarr.tv\/sq\/wp-json\/wp\/v2\/posts"}],"about":[{"href":"https:\/\/zjarr.tv\/sq\/wp-json\/wp\/v2\/types\/post"}],"author":[{"embeddable":true,"href":"https:\/\/zjarr.tv\/sq\/wp-json\/wp\/v2\/users\/2013"}],"replies":[{"embeddable":true,"href":"https:\/\/zjarr.tv\/sq\/wp-json\/wp\/v2\/comments?post=122969"}],"version-history":[{"count":0,"href":"https:\/\/zjarr.tv\/sq\/wp-json\/wp\/v2\/posts\/122969\/revisions"}],"wp:featuredmedia":[{"embeddable":true,"href":"https:\/\/zjarr.tv\/sq\/wp-json\/wp\/v2\/media\/99695"}],"wp:attachment":[{"href":"https:\/\/zjarr.tv\/sq\/wp-json\/wp\/v2\/media?parent=122969"}],"wp:term":[{"taxonomy":"category","embeddable":true,"href":"https:\/\/zjarr.tv\/sq\/wp-json\/wp\/v2\/categories?post=122969"},{"taxonomy":"post_tag","embeddable":true,"href":"https:\/\/zjarr.tv\/sq\/wp-json\/wp\/v2\/tags?post=122969"}],"curies":[{"name":"wp","href":"https:\/\/api.w.org\/{rel}","templated":true}]}}