{"id":122971,"date":"2020-02-28T16:17:21","date_gmt":"2020-02-28T15:17:21","guid":{"rendered":"https:\/\/zjarr.tv\/?p=122971"},"modified":"2020-02-28T16:17:21","modified_gmt":"2020-02-28T15:17:21","slug":"koronavirusi-pampuri-ne-durres-mjeket-i-kane-blere-privatisht-maskat-mbrojtese","status":"publish","type":"post","link":"https:\/\/zjarr.tv\/sq\/koronavirusi-pampuri-ne-durres-mjeket-i-kane-blere-privatisht-maskat-mbrojtese\/","title":{"rendered":"Koronavirusi, Pampuri n\u00eb Durr\u00ebs: Mjek\u00ebt i kan\u00eb bler\u00eb privatisht maskat mbrojt\u00ebse"},"content":{"rendered":"<p>Ish-deputetja e Partis\u00eb Demokratike Oriola Pampuri ishte t\u00eb premten n\u00eb qytetin e Durr\u00ebsit, ku pa nga af\u00ebr qendr\u00ebs spitalore dhe masat e marra p\u00ebr mbrojtjen nga koronavirusit. Sipas nj\u00eb deklarate q\u00eb ajo dha p\u00ebr mediat, u shpreh se n\u00eb Durr\u00ebs nuk ka asnj\u00eb mas\u00eb mbrojt\u00ebse p\u00ebr mbrojtjen nga koronavirusi. Ajo tha se gjith\u00e7ka deri tani, q\u00eb ka deklaruar qeveria, ka qen\u00eb mashtrim.<\/p>\n<p><strong>Pampuri:<\/strong>\u00a0<em>Jemi n\u00eb spitalin e Durr\u00ebsit ku pata rastin t\u00eb vizitoj ambientet e brendshme t\u00eb spitalit t\u00eb Durr\u00ebsit, takova personelin sh\u00ebndet\u00ebsor, takova mjek\u00eb, prej t\u00eb cil\u00ebve nj\u00eb pjes\u00eb e tyre ishin t\u00eb pa pajisur me maska, madje edhe ata q\u00eb kishin maska kishin mundur t\u2019i siguronin privatisht duke i bler\u00eb vet\u00eb k\u00ebto maska. Ka nj\u00eb furnizim shum\u00eb t\u00eb dob\u00ebt me doreza, t\u00eb cilat duhet te jen\u00eb t\u00eb pranishme k\u00ebto dit\u00eb, mjek\u00ebt nuk kan\u00eb kapu\u00e7, nuk kan\u00eb doreza, nuk kan\u00eb dezinfektant\u00eb, ka munges\u00eb maskash.<\/em><\/p>\n<p>Sipas Pampurit situata n\u00eb spital por edhe n\u00eb Qendr\u00ebn Sh\u00ebndet\u00ebsore t\u00eb qytetit t\u00eb Durr\u00ebsit \u00ebsht\u00eb t\u00ebr\u00ebsisht e kund\u00ebrt me at\u00eb q\u00eb paraqet Ministria e Sh\u00ebndet\u00ebsis\u00eb, pasi rezulton se nuk ka as edhe nj\u00eb plan masash p\u00ebr p\u00ebrballimin e nj\u00eb situate me Coronavirus, krejt n\u00eb t\u00eb kund\u00ebrt me planin q\u00eb po ndjekin vendet e tjera t\u00eb rrezikuara.<\/p>\n<p><strong>Pampuri:<\/strong>\u00a0<em>\u00cbsht\u00eb gjith\u00e7ka ndryshe nga jo q\u00eb paraqet ministria dhe nga ajo q\u00eb paraqitet nga qeveria. Nuk ka asnj\u00eb plan masash t\u00eb qart\u00eb dhe i cili t\u2019i b\u00ebhet i ditur qytetar\u00ebve. Jemi n\u00eb prag t\u00eb nj\u00eb epidemie, ku vendet fqinje, Itali dhe Greqia kan\u00eb shum\u00eb t\u00eb prekur. Italia ka shum\u00eb t\u00eb prekur koronavirusi dhe duke qen\u00eb n\u00eb nj\u00eb situat\u00eb t\u00eb till\u00eb sigurisht edhe Shqip\u00ebria duhet t\u00eb kishte nj\u00eb plan masash \u00a0t\u00eb cilat duhet t\u00eb ishin b\u00ebr\u00eb t\u00eb qarta qytetar\u00ebve, duhet t\u00eb kishte nj\u00eb strategji. Strategjia q\u00eb qeveria dhe ministria po ndjek \u00ebsht\u00eb komplet ndryshe nga ajo q\u00eb po ndjekin vendet e Europ\u00ebs dhe \u00ebsht\u00eb komplet ndryshe dhe komplet ndryshe nga ato q\u00eb po ndjekin vendet t\u00eb cilat sigurisht kan\u00eb paraqitur masat mbrojt\u00ebse p\u00ebr t\u2019u p\u00ebrballur me koronavirusin.<\/em><\/p>\n","protected":false},"excerpt":{"rendered":"<p>Ish-deputetja e Partis\u00eb Demokratike Oriola Pampuri ishte t\u00eb premten n\u00eb qytetin e Durr\u00ebsit, ku pa nga af\u00ebr qendr\u00ebs spitalore dhe masat e marra p\u00ebr mbrojtjen nga koronavirusit. Sipas nj\u00eb deklarate q\u00eb ajo dha p\u00ebr mediat, u shpreh se n\u00eb Durr\u00ebs nuk ka asnj\u00eb mas\u00eb mbrojt\u00ebse p\u00ebr mbrojtjen nga koronavirusi. Ajo tha se gjith\u00e7ka deri tani, [&hellip;]<\/p>\n","protected":false},"author":2013,"featured_media":122972,"comment_status":"open","ping_status":"closed","sticky":false,"template":"","format":"standard","meta":{"footnotes":""},"categories":[241,235],"tags":[],"class_list":{"0":"post-122971","1":"post","2":"type-post","3":"status-publish","4":"format-standard","5":"has-post-thumbnail","7":"category-aktualitet","8":"category-vendi"},"_links":{"self":[{"href":"https:\/\/zjarr.tv\/sq\/wp-json\/wp\/v2\/posts\/122971","targetHints":{"allow":["GET"]}}],"collection":[{"href":"https:\/\/zjarr.tv\/sq\/wp-json\/wp\/v2\/posts"}],"about":[{"href":"https:\/\/zjarr.tv\/sq\/wp-json\/wp\/v2\/types\/post"}],"author":[{"embeddable":true,"href":"https:\/\/zjarr.tv\/sq\/wp-json\/wp\/v2\/users\/2013"}],"replies":[{"embeddable":true,"href":"https:\/\/zjarr.tv\/sq\/wp-json\/wp\/v2\/comments?post=122971"}],"version-history":[{"count":0,"href":"https:\/\/zjarr.tv\/sq\/wp-json\/wp\/v2\/posts\/122971\/revisions"}],"wp:featuredmedia":[{"embeddable":true,"href":"https:\/\/zjarr.tv\/sq\/wp-json\/wp\/v2\/media\/122972"}],"wp:attachment":[{"href":"https:\/\/zjarr.tv\/sq\/wp-json\/wp\/v2\/media?parent=122971"}],"wp:term":[{"taxonomy":"category","embeddable":true,"href":"https:\/\/zjarr.tv\/sq\/wp-json\/wp\/v2\/categories?post=122971"},{"taxonomy":"post_tag","embeddable":true,"href":"https:\/\/zjarr.tv\/sq\/wp-json\/wp\/v2\/tags?post=122971"}],"curies":[{"name":"wp","href":"https:\/\/api.w.org\/{rel}","templated":true}]}}