{"id":123124,"date":"2020-03-02T11:01:03","date_gmt":"2020-03-02T10:01:03","guid":{"rendered":"https:\/\/zjarr.tv\/?p=123124"},"modified":"2020-03-02T11:01:03","modified_gmt":"2020-03-02T10:01:03","slug":"sot-tubimi-i-presidentit-kunder-grushtit-te-shtetit-reflektim-per-nje-beselidhje-te-re","status":"publish","type":"post","link":"https:\/\/zjarr.tv\/sq\/sot-tubimi-i-presidentit-kunder-grushtit-te-shtetit-reflektim-per-nje-beselidhje-te-re\/","title":{"rendered":"Sot tubimi i Presidentit kund\u00ebr \u201cgrushtit t\u00eb shtetit\u201d: Reflektim p\u00ebr nj\u00eb Bes\u00eblidhje t\u00eb re"},"content":{"rendered":"<p>Sot, n\u00eb or\u00ebn 17:00 mbahet tubimi i thirrur nga Presidenti i Republik\u00ebs Ilir Meta, q\u00eb si\u00e7 argumenton ai, ka synim \u00e7montimin e grushtit t\u00eb shtetit.<\/p>\n<p>Tubimi do t\u00eb mbahet n\u00eb Bulevardin \u201cD\u00ebshmor\u00ebt e Kombit\u201d, nd\u00ebrsa pritet t\u00eb ket\u00eb pjes\u00ebmarrje jo vet\u00ebm nga Shqip\u00ebria.<\/p>\n<p>Edhe sot kreu i shtetit, n\u00eb nj\u00eb postin n\u00eb Facebook thot\u00eb se duhet t\u00eb reflektojm\u00eb p\u00ebr nj\u00eb Bes\u00eblidhje t\u00eb re, p\u00ebrball\u00eb nj\u00eb rreziku t\u00eb ri pushtimi.<\/p>\n<p><em>&#8220;Heroi yn\u00eb komb\u00ebtar Gjergj Kastrioti Sk\u00ebnderbeu, si\u00e7 me t\u00eb drejt\u00eb ka th\u00ebn\u00eb Fan Noli, do t\u00eb mbetet shqiptari m\u00eb i gjall\u00eb nd\u00ebr t\u00eb gjall\u00ebt, figura m\u00eb shp\u00ebtimtare dhe m\u00eb frym\u00ebzuese p\u00ebr mbijetes\u00eb e kombit ton\u00eb, q\u00eb testament na ka l\u00ebn\u00eb domosdoshm\u00ebrin\u00eb e bashkimit n\u00eb momentet m\u00eb t\u00eb rrezikshme t\u00eb ekzistenc\u00ebs s\u00eb kombit ton\u00eb.<\/em><\/p>\n<p><em>Sot n\u00eb p\u00ebrkujtim t\u00eb ngjarjes historike t\u00eb Bes\u00eblidhjes s\u00eb Lezh\u00ebs, unifikimit komb\u00ebtar p\u00ebrball\u00eb rrezikut t\u00eb asimilimit e shkomb\u00ebtarizimit, mesazhi q\u00eb na sjell nga historia, uroj t\u00eb na ndihmoj\u00eb ne t\u00eb gjith\u00ebve p\u00ebr reflektuar, p\u00ebr t\u2019u ngritur dhe bashkuar sa nuk \u00ebsht\u00eb von\u00eb, n\u00eb nj\u00eb Bes\u00eblidhje t\u00eb re, po aq t\u00eb fort\u00eb e gjith\u00ebp\u00ebrfshir\u00ebse, p\u00ebrball\u00eb nj\u00eb rreziku t\u00eb ri pushtimi nga nj\u00eb sekt mafioz, pa fe, pa familje, pa atdhe, q\u00eb ka marr\u00eb peng t\u00eb ardhmen e \u00e7do shqiptari!<\/em><\/p>\n<p><em>Z\u00ebri i popullit \u00ebsht\u00eb z\u00ebri i Zotit! Erdhi koha t\u00eb d\u00ebgjohet sa m\u00eb fort!<\/em><\/p>\n<p><em>Mir\u00ebsevjen BES\u00cbLIDHJA E RE me Pranver\u00ebn Kuqezi!&#8221;<\/em><\/p>\n<p>Prej dit\u00ebsh, kreu i shtetit ka publikuar videomesazhe nga bashkatdhetar\u00ebt shqiptar\u00eb q\u00eb jetojn\u00eb jasht\u00eb Shqip\u00ebris\u00eb, t\u00eb cil\u00ebt jan\u00eb shprehur se do t\u00eb marin pjes\u00eb n\u00eb tubimin e Kreut t\u00eb Shtetit n\u00eb mbrojtje t\u00eb Kushtetut\u00ebs.<\/p>\n<p>Edhe partit\u00eb politike opozitare, krer\u00ebt e tyre, pritet t\u00eb jen\u00eb n\u00eb tubim, pavar\u00ebsisht se ata pritet t\u00eb mos flasin.<\/p>\n<p>Presidenti Ilir Meta ka publikuar fakte t\u00eb reja, q\u00eb sipas tij v\u00ebrtetojn\u00eb tentativ\u00ebn p\u00ebr \u201cgrusht shtetit\u201d nga mazhoranca. Meta e ka akuzuar qeverin\u00eb se ka tentuar t\u00eb p\u00ebrvet\u00ebsoj\u00eb kompetencat e Presidentit p\u00ebr em\u00ebrimet n\u00eb Gjykat\u00ebn Kushtetute.<\/p>\n","protected":false},"excerpt":{"rendered":"<p>Sot, n\u00eb or\u00ebn 17:00 mbahet tubimi i thirrur nga Presidenti i Republik\u00ebs Ilir Meta, q\u00eb si\u00e7 argumenton ai, ka synim \u00e7montimin e grushtit t\u00eb shtetit. Tubimi do t\u00eb mbahet n\u00eb Bulevardin \u201cD\u00ebshmor\u00ebt e Kombit\u201d, nd\u00ebrsa pritet t\u00eb ket\u00eb pjes\u00ebmarrje jo vet\u00ebm nga Shqip\u00ebria. Edhe sot kreu i shtetit, n\u00eb nj\u00eb postin n\u00eb Facebook thot\u00eb se [&hellip;]<\/p>\n","protected":false},"author":2013,"featured_media":99906,"comment_status":"open","ping_status":"closed","sticky":false,"template":"","format":"standard","meta":{"footnotes":""},"categories":[241,235],"tags":[],"class_list":{"0":"post-123124","1":"post","2":"type-post","3":"status-publish","4":"format-standard","5":"has-post-thumbnail","7":"category-aktualitet","8":"category-vendi"},"_links":{"self":[{"href":"https:\/\/zjarr.tv\/sq\/wp-json\/wp\/v2\/posts\/123124","targetHints":{"allow":["GET"]}}],"collection":[{"href":"https:\/\/zjarr.tv\/sq\/wp-json\/wp\/v2\/posts"}],"about":[{"href":"https:\/\/zjarr.tv\/sq\/wp-json\/wp\/v2\/types\/post"}],"author":[{"embeddable":true,"href":"https:\/\/zjarr.tv\/sq\/wp-json\/wp\/v2\/users\/2013"}],"replies":[{"embeddable":true,"href":"https:\/\/zjarr.tv\/sq\/wp-json\/wp\/v2\/comments?post=123124"}],"version-history":[{"count":0,"href":"https:\/\/zjarr.tv\/sq\/wp-json\/wp\/v2\/posts\/123124\/revisions"}],"wp:featuredmedia":[{"embeddable":true,"href":"https:\/\/zjarr.tv\/sq\/wp-json\/wp\/v2\/media\/99906"}],"wp:attachment":[{"href":"https:\/\/zjarr.tv\/sq\/wp-json\/wp\/v2\/media?parent=123124"}],"wp:term":[{"taxonomy":"category","embeddable":true,"href":"https:\/\/zjarr.tv\/sq\/wp-json\/wp\/v2\/categories?post=123124"},{"taxonomy":"post_tag","embeddable":true,"href":"https:\/\/zjarr.tv\/sq\/wp-json\/wp\/v2\/tags?post=123124"}],"curies":[{"name":"wp","href":"https:\/\/api.w.org\/{rel}","templated":true}]}}