{"id":123126,"date":"2020-03-02T11:04:50","date_gmt":"2020-03-02T10:04:50","guid":{"rendered":"https:\/\/zjarr.tv\/?p=123126"},"modified":"2020-03-02T11:04:50","modified_gmt":"2020-03-02T10:04:50","slug":"spiropali-ironizon-tubimin-e-metes-beselikja-klithma-e-zullumit-te-se-shkuares-qe-zien-nga-reforma-ne-drejtesi","status":"publish","type":"post","link":"https:\/\/zjarr.tv\/sq\/spiropali-ironizon-tubimin-e-metes-beselikja-klithma-e-zullumit-te-se-shkuares-qe-zien-nga-reforma-ne-drejtesi\/","title":{"rendered":"Spiropali ironizon tubimin e Met\u00ebs: &#8216;Bes\u00ebLikja&#8217;, klithma e zullumit t\u00eb s\u00eb shkuar\u00ebs q\u00eb zien nga Reforma n\u00eb Drejt\u00ebsi"},"content":{"rendered":"<p>Ministrja e Shtetit p\u00ebr Marr\u00ebdh\u00ebniet me Parlamentin, Elisa Spiropali ka reaguar n\u00eb lidhje me tubimin e Presidentit Ilir Meta, q\u00eb mbahet sot n\u00eb or\u00ebn 17:00.<\/p>\n<p>Ashtu si kryeministri edhe Spiropali ironizon duke e quajtur tubimin e sot\u00ebm &#8220;Bes\u00ebLikja&#8221;, q\u00eb sipas saj \u00ebsht\u00eb klithma e zullumit t\u00eb s\u00eb shkuar\u00ebs q\u00eb zien nga Reforma n\u00eb Drejt\u00ebsi<\/p>\n<p><em>&#8220;Bes\u00ebLikja nuk \u00ebsht\u00eb as e re as pranverore! Bes\u00ebLikja \u00ebsht\u00eb klithma e zullumit t\u00eb s\u00eb shkuar\u00ebs q\u00eb zien nga Reforma n\u00eb Drejt\u00ebsi. \u00cbsht\u00eb frika nga Besa e lidhur me SHBA\/BE p\u00ebr ta b\u00ebr\u00eb vendin Shtet t\u00eb s\u00eb Drejt\u00ebs. \u00cbsht\u00eb rruga qorre e atyre q\u00eb s\u2019e duan rrug\u00ebn e Shqip\u00ebris\u00eb Evropiane!&#8221;,<\/em>\u00a0shkruan Spiropali n\u00eb twitter.<\/p>\n","protected":false},"excerpt":{"rendered":"<p>Ministrja e Shtetit p\u00ebr Marr\u00ebdh\u00ebniet me Parlamentin, Elisa Spiropali ka reaguar n\u00eb lidhje me tubimin e Presidentit Ilir Meta, q\u00eb mbahet sot n\u00eb or\u00ebn 17:00. Ashtu si kryeministri edhe Spiropali ironizon duke e quajtur tubimin e sot\u00ebm &#8220;Bes\u00ebLikja&#8221;, q\u00eb sipas saj \u00ebsht\u00eb klithma e zullumit t\u00eb s\u00eb shkuar\u00ebs q\u00eb zien nga Reforma n\u00eb Drejt\u00ebsi &#8220;Bes\u00ebLikja [&hellip;]<\/p>\n","protected":false},"author":2013,"featured_media":123127,"comment_status":"open","ping_status":"closed","sticky":false,"template":"","format":"standard","meta":{"footnotes":""},"categories":[241,235],"tags":[],"class_list":{"0":"post-123126","1":"post","2":"type-post","3":"status-publish","4":"format-standard","5":"has-post-thumbnail","7":"category-aktualitet","8":"category-vendi"},"_links":{"self":[{"href":"https:\/\/zjarr.tv\/sq\/wp-json\/wp\/v2\/posts\/123126","targetHints":{"allow":["GET"]}}],"collection":[{"href":"https:\/\/zjarr.tv\/sq\/wp-json\/wp\/v2\/posts"}],"about":[{"href":"https:\/\/zjarr.tv\/sq\/wp-json\/wp\/v2\/types\/post"}],"author":[{"embeddable":true,"href":"https:\/\/zjarr.tv\/sq\/wp-json\/wp\/v2\/users\/2013"}],"replies":[{"embeddable":true,"href":"https:\/\/zjarr.tv\/sq\/wp-json\/wp\/v2\/comments?post=123126"}],"version-history":[{"count":0,"href":"https:\/\/zjarr.tv\/sq\/wp-json\/wp\/v2\/posts\/123126\/revisions"}],"wp:featuredmedia":[{"embeddable":true,"href":"https:\/\/zjarr.tv\/sq\/wp-json\/wp\/v2\/media\/123127"}],"wp:attachment":[{"href":"https:\/\/zjarr.tv\/sq\/wp-json\/wp\/v2\/media?parent=123126"}],"wp:term":[{"taxonomy":"category","embeddable":true,"href":"https:\/\/zjarr.tv\/sq\/wp-json\/wp\/v2\/categories?post=123126"},{"taxonomy":"post_tag","embeddable":true,"href":"https:\/\/zjarr.tv\/sq\/wp-json\/wp\/v2\/tags?post=123126"}],"curies":[{"name":"wp","href":"https:\/\/api.w.org\/{rel}","templated":true}]}}