{"id":123143,"date":"2020-03-02T11:20:15","date_gmt":"2020-03-02T10:20:15","guid":{"rendered":"https:\/\/zjarr.tv\/?p=123143"},"modified":"2020-03-02T11:20:15","modified_gmt":"2020-03-02T10:20:15","slug":"manastirliu-shqiperia-asnje-person-te-prekur-ja-masat-qe-jane-marre-nga-ministria-e-shendetesise","status":"publish","type":"post","link":"https:\/\/zjarr.tv\/sq\/manastirliu-shqiperia-asnje-person-te-prekur-ja-masat-qe-jane-marre-nga-ministria-e-shendetesise\/","title":{"rendered":"Manastirliu: Shqip\u00ebria asnj\u00eb person t\u00eb prekur, ja masat q\u00eb jan\u00eb marr\u00eb nga Ministria e Sh\u00ebndet\u00ebsis\u00eb"},"content":{"rendered":"<p>Ministrja e Sh\u00ebndet\u00ebsis\u00eb Ogerta Manastirliu n\u00eb fjal\u00ebn e saj n\u00eb parlament, duke folur p\u00ebr p\u00ebrhapjen e koronavirusit, deklaroi se Shqip\u00ebria nuk ka asnj\u00eb person t\u00eb prekur nga ky virus.<\/p>\n<p>Manastirliu theksoi se Ministria e Sh\u00ebndet\u00ebsis\u00eb ka marr\u00eb masa p\u00ebr parandalimin e koronavirusit, duke n\u00ebnvizuar se jan\u00eb shtuar aksionet p\u00ebr t\u00eb ndaluar situat\u00ebn.<\/p>\n<p><strong>\u201c<\/strong>Shqip\u00ebria ka marr\u00eb masa p\u00ebr kontrollin dhe mbrojtjen ndaj koronavirusit. Aktualisht Shqip\u00ebria nuk ka aktualisht asnj\u00eb rast t\u00eb prekur nga koronavirusi i ri deri n\u00eb momentet q\u00eb flasim. Jan\u00eb 31 t\u00eb testuar, q\u00eb kan\u00eb rezultuar negativ sa i takon prekjes nga koronavirusi i ri. Ne kemi p\u00ebrforcuar aksionet tona p\u00ebr t\u00eb ndaluar situat\u00ebn. Kemi forcuar t\u00eb gjitha kapacitetet laboratorike p\u00ebr identifikimin e koronavirusit t\u00eb ri. Jan\u00eb p\u00ebrcaktuar gjithashtu udh\u00ebzuesit si t\u00eb veprojm\u00eb ndaj k\u00ebtij virusi. Masat q\u00eb kemi nd\u00ebrmarr\u00eb jan\u00eb shum\u00eb t\u00eb r\u00ebnd\u00ebsishme, pasi shtimi i masave t\u00eb higjien\u00ebs personale ndalojn\u00eb koronavirusin e ri. Kemi dyfishuar punonj\u00ebsit n\u00eb pikat kufitare\u201d, tha Manastirliu.<\/p>\n<p>Ministrja Ogerta Manastrliu theksoi se jan\u00eb marr\u00eb masa nga ana e ministris\u00eb q\u00eb drejton p\u00ebr t\u00eb rritur sigurin\u00eb n\u00eb sh\u00ebndet\u00ebsi.<\/p>\n<p><strong>\u201c<\/strong>Jan\u00eb marr\u00eb masat p\u00ebr t\u00eb rritur sigurin\u00eb n\u00eb sh\u00ebndet\u00ebsin\u00eb ton\u00eb. Kemi marr\u00eb masa edhe me medikamente. Jan\u00eb marr\u00eb masa n\u00eb Spitalin Efektiv, n\u00eb Spitalin Shefqet Ndroqi etj p\u00ebr t\u00eb p\u00ebrcaktuar rastet. Kemi shtuar kapacitetet e Emergjenc\u00ebs Komb\u00ebtare. Jan\u00eb mbi 5000 telefonata n\u00eb dit\u00eb p\u00ebr shkak t\u00eb emergjenc\u00ebs. P\u00ebr situat\u00ebn do t\u00eb vazhdojm\u00eb t\u00eb mbajm\u00eb situat\u00ebn n\u00ebn kontroll. Dua t\u2019ju them qytetar\u00ebve q\u00eb t\u00eb mos jen\u00eb n\u00eb panik\u201d, deklaroi Manastirliu.<\/p>\n","protected":false},"excerpt":{"rendered":"<p>Ministrja e Sh\u00ebndet\u00ebsis\u00eb Ogerta Manastirliu n\u00eb fjal\u00ebn e saj n\u00eb parlament, duke folur p\u00ebr p\u00ebrhapjen e koronavirusit, deklaroi se Shqip\u00ebria nuk ka asnj\u00eb person t\u00eb prekur nga ky virus. Manastirliu theksoi se Ministria e Sh\u00ebndet\u00ebsis\u00eb ka marr\u00eb masa p\u00ebr parandalimin e koronavirusit, duke n\u00ebnvizuar se jan\u00eb shtuar aksionet p\u00ebr t\u00eb ndaluar situat\u00ebn. \u201cShqip\u00ebria ka marr\u00eb [&hellip;]<\/p>\n","protected":false},"author":2013,"featured_media":58960,"comment_status":"open","ping_status":"closed","sticky":false,"template":"","format":"standard","meta":{"footnotes":""},"categories":[241,235],"tags":[],"class_list":{"0":"post-123143","1":"post","2":"type-post","3":"status-publish","4":"format-standard","5":"has-post-thumbnail","7":"category-aktualitet","8":"category-vendi"},"_links":{"self":[{"href":"https:\/\/zjarr.tv\/sq\/wp-json\/wp\/v2\/posts\/123143","targetHints":{"allow":["GET"]}}],"collection":[{"href":"https:\/\/zjarr.tv\/sq\/wp-json\/wp\/v2\/posts"}],"about":[{"href":"https:\/\/zjarr.tv\/sq\/wp-json\/wp\/v2\/types\/post"}],"author":[{"embeddable":true,"href":"https:\/\/zjarr.tv\/sq\/wp-json\/wp\/v2\/users\/2013"}],"replies":[{"embeddable":true,"href":"https:\/\/zjarr.tv\/sq\/wp-json\/wp\/v2\/comments?post=123143"}],"version-history":[{"count":0,"href":"https:\/\/zjarr.tv\/sq\/wp-json\/wp\/v2\/posts\/123143\/revisions"}],"wp:featuredmedia":[{"embeddable":true,"href":"https:\/\/zjarr.tv\/sq\/wp-json\/wp\/v2\/media\/58960"}],"wp:attachment":[{"href":"https:\/\/zjarr.tv\/sq\/wp-json\/wp\/v2\/media?parent=123143"}],"wp:term":[{"taxonomy":"category","embeddable":true,"href":"https:\/\/zjarr.tv\/sq\/wp-json\/wp\/v2\/categories?post=123143"},{"taxonomy":"post_tag","embeddable":true,"href":"https:\/\/zjarr.tv\/sq\/wp-json\/wp\/v2\/tags?post=123143"}],"curies":[{"name":"wp","href":"https:\/\/api.w.org\/{rel}","templated":true}]}}