{"id":123145,"date":"2020-03-02T11:22:40","date_gmt":"2020-03-02T10:22:40","guid":{"rendered":"https:\/\/zjarr.tv\/?p=123145"},"modified":"2020-03-02T11:22:40","modified_gmt":"2020-03-02T10:22:40","slug":"ish-kryeministri-berisha-poston-foton-cfare-po-ndodh-te-infektivi","status":"publish","type":"post","link":"https:\/\/zjarr.tv\/sq\/ish-kryeministri-berisha-poston-foton-cfare-po-ndodh-te-infektivi\/","title":{"rendered":"Ish-kryeministri Berisha poston foton, \u00e7far\u00eb po ndodh te Infektivi?"},"content":{"rendered":"<p>Ish-kryeministri Sali Berisha ka publikuar pak minuta m\u00eb par\u00eb n\u00eb faqen e tij n\u00eb fecebook nj\u00eb foto me pamje nga spitali Infektiv n\u00eb QSUT, ku tregohet nj\u00eb mjek i veshur nga koka te k\u00ebmb\u00ebt me uniform\u00eb mbrojt\u00ebse nga infektimet e jashtme.<\/p>\n<p>P\u00ebrve\u00e7 mjekut edhe nj\u00eb tjet\u00ebr person shfaqet me mask\u00eb n\u00eb fytyr\u00eb. Fotoja i \u00ebsht\u00eb d\u00ebrkuar ish-kryeministrit n\u00eb adres\u00ebn e tij, nd\u00ebrsa vjen n\u00eb nj\u00eb koh\u00eb q\u00eb n\u00eb shum\u00eb vende t\u00eb bot\u00ebs ka shp\u00ebrthyer Koronavirusi.<\/p>\n<p>Deri m\u00eb tani n\u00eb vendin ton\u00eb nuk ka asnj\u00eb rast t\u00eb konfirmuar, madje k\u00ebt\u00eb e p\u00ebrforcoi sot vet\u00eb ministrja e Sh\u00ebndet\u00ebsis\u00eb, Ogerta Manastirliu nga foltorja e Parlamentit<\/p>\n<p>Ja postimi i Berish\u00ebs:<\/p>\n<figure id=\"attachment_1245689\" class=\"wp-caption alignnone\"><a href=\"https:\/\/www.balkanweb.com\/wp-content\/uploads\/2020\/03\/auto_berisha_fcb1583142130-252x350.jpg\" rel=\"lightbox\"><img loading=\"lazy\" decoding=\"async\" class=\"size-large wp-image-1245689\" src=\"https:\/\/www.balkanweb.com\/wp-content\/uploads\/2020\/03\/auto_berisha_fcb1583142130-252x350.jpg\" sizes=\"auto, (max-width: 252px) 100vw, 252px\" srcset=\"https:\/\/www.balkanweb.com\/wp-content\/uploads\/2020\/03\/auto_berisha_fcb1583142130-252x350.jpg 252w, https:\/\/www.balkanweb.com\/wp-content\/uploads\/2020\/03\/auto_berisha_fcb1583142130-201x280.jpg 201w, https:\/\/www.balkanweb.com\/wp-content\/uploads\/2020\/03\/auto_berisha_fcb1583142130-768x1068.jpg 768w, https:\/\/www.balkanweb.com\/wp-content\/uploads\/2020\/03\/auto_berisha_fcb1583142130-189x263.jpg 189w, https:\/\/www.balkanweb.com\/wp-content\/uploads\/2020\/03\/auto_berisha_fcb1583142130-58x80.jpg 58w, https:\/\/www.balkanweb.com\/wp-content\/uploads\/2020\/03\/auto_berisha_fcb1583142130-324x450.jpg 324w, https:\/\/www.balkanweb.com\/wp-content\/uploads\/2020\/03\/auto_berisha_fcb1583142130.jpg 900w\" alt=\"Auto Berisha Fcb1583142130\" width=\"252\" height=\"350\" \/><\/a><\/figure>\n<div><\/div>\n","protected":false},"excerpt":{"rendered":"<p>Ish-kryeministri Sali Berisha ka publikuar pak minuta m\u00eb par\u00eb n\u00eb faqen e tij n\u00eb fecebook nj\u00eb foto me pamje nga spitali Infektiv n\u00eb QSUT, ku tregohet nj\u00eb mjek i veshur nga koka te k\u00ebmb\u00ebt me uniform\u00eb mbrojt\u00ebse nga infektimet e jashtme. P\u00ebrve\u00e7 mjekut edhe nj\u00eb tjet\u00ebr person shfaqet me mask\u00eb n\u00eb fytyr\u00eb. Fotoja i \u00ebsht\u00eb [&hellip;]<\/p>\n","protected":false},"author":2013,"featured_media":67154,"comment_status":"open","ping_status":"closed","sticky":false,"template":"","format":"standard","meta":{"footnotes":""},"categories":[241,235],"tags":[],"class_list":{"0":"post-123145","1":"post","2":"type-post","3":"status-publish","4":"format-standard","5":"has-post-thumbnail","7":"category-aktualitet","8":"category-vendi"},"_links":{"self":[{"href":"https:\/\/zjarr.tv\/sq\/wp-json\/wp\/v2\/posts\/123145","targetHints":{"allow":["GET"]}}],"collection":[{"href":"https:\/\/zjarr.tv\/sq\/wp-json\/wp\/v2\/posts"}],"about":[{"href":"https:\/\/zjarr.tv\/sq\/wp-json\/wp\/v2\/types\/post"}],"author":[{"embeddable":true,"href":"https:\/\/zjarr.tv\/sq\/wp-json\/wp\/v2\/users\/2013"}],"replies":[{"embeddable":true,"href":"https:\/\/zjarr.tv\/sq\/wp-json\/wp\/v2\/comments?post=123145"}],"version-history":[{"count":0,"href":"https:\/\/zjarr.tv\/sq\/wp-json\/wp\/v2\/posts\/123145\/revisions"}],"wp:featuredmedia":[{"embeddable":true,"href":"https:\/\/zjarr.tv\/sq\/wp-json\/wp\/v2\/media\/67154"}],"wp:attachment":[{"href":"https:\/\/zjarr.tv\/sq\/wp-json\/wp\/v2\/media?parent=123145"}],"wp:term":[{"taxonomy":"category","embeddable":true,"href":"https:\/\/zjarr.tv\/sq\/wp-json\/wp\/v2\/categories?post=123145"},{"taxonomy":"post_tag","embeddable":true,"href":"https:\/\/zjarr.tv\/sq\/wp-json\/wp\/v2\/tags?post=123145"}],"curies":[{"name":"wp","href":"https:\/\/api.w.org\/{rel}","templated":true}]}}