{"id":123147,"date":"2020-03-02T11:24:12","date_gmt":"2020-03-02T10:24:12","guid":{"rendered":"https:\/\/zjarr.tv\/?p=123147"},"modified":"2020-03-02T11:24:12","modified_gmt":"2020-03-02T10:24:12","slug":"agim-kajmaku-ne-arrati-turp-nese-shetit-ne-tirane-dhe-nuk-kapet-zbardhet-mesazhi-i-drejtorit-te-policise-se-tiranes-per-komisariatet","status":"publish","type":"post","link":"https:\/\/zjarr.tv\/sq\/agim-kajmaku-ne-arrati-turp-nese-shetit-ne-tirane-dhe-nuk-kapet-zbardhet-mesazhi-i-drejtorit-te-policise-se-tiranes-per-komisariatet\/","title":{"rendered":"Agim Kajmaku n\u00eb arrati\/ \u201cTurp n\u00ebse sh\u00ebtit n\u00eb Tiran\u00eb dhe nuk kapet\u201d, zbardhet mesazhi i drejtorit t\u00eb Policis\u00eb s\u00eb Tiran\u00ebs p\u00ebr komisariatet"},"content":{"rendered":"<p>N\u00eb nj\u00eb koh\u00eb kur ish-kryetari i Bashkis\u00eb s\u00eb Vor\u00ebs vijon t\u00eb jet\u00eb n\u00eb arrati, Agim Kajmaku, \u2018BalkanWeb\u2019 zbardh mesazhin e drejtorit t\u00eb policis\u00eb s\u00eb Tiran\u00ebs, Rebani Jaupi, drejtuar komisariateve.<\/p>\n<p>Gazetarja Klodiana Lala raporton p\u00ebr \u2018BalkanWeb\u2019 se Jaupi i ka k\u00ebrkuar komisariateve q\u00eb t\u00eb merren masa p\u00ebr kapjen e Kajmakut.<\/p>\n<p>\u201cTe merren masa nga gjith\u00eb Komisariatet per kapjen e tij. Komisariati Vor\u00eb te jap\u00eb lidhjet e tija ne qytetin e Tiranes. Eshte person publik dhe mund te merret informacionet nga strukturat ne var\u00ebsi. Eshte e turpeshme nese vjen dhe shetit ne Tirane dhe nuk kapet.\u201d, thuhet n\u00eb mesazhin e Jubanit, shkruan \u201cBalkanWeb\u201d.<\/p>\n<p>Kujtojm\u00eb se Prokuroria firmosi urdh\u00ebr-arrestin p\u00ebr Kajmakun m\u00eb 11 n\u00ebntor t\u00eb vitit t\u00eb kaluar por q\u00eb at\u00ebhere Kajmaku nuk \u00ebsht\u00eb dukur m\u00eb.<\/p>\n<p>Ai u denoncua fillimisht nga PD se kishte fshehur d\u00ebnimin n\u00eb Greqi p\u00ebr falsifikim parash. Greqia e shpalli t\u00eb pafajsh\u00ebm por ishte e v\u00ebrtet\u00eb q\u00eb n\u00eb vitin 2003 ai ishte shpallur n\u00eb k\u00ebrkim p\u00ebr falsifikim t\u00eb kart\u00ebmonedhave dhe nuk u kap pasi kishte ikur n\u00eb Shqip\u00ebri.<\/p>\n<p>Por n\u00eb formularin e dekriminalizimin ai e fshehu k\u00ebt\u00eb rast, duke cuar n\u00eb shkarkimin e tij nga detyra e kryebashkiakut pak muaj pasi e kishte marr\u00eb k\u00ebt\u00eb post. Kajmaku u shpall n\u00eb k\u00ebrkim pasi kur KQZ e shkarkoi, nd\u00ebrkoh\u00eb q\u00eb ai vijoi t\u00eb b\u00ebj\u00eb kryebashkiakun duke firmosur shkarkimin e dy n\u00ebnkryetar\u00ebve t\u00eb Bashkis\u00eb Vor\u00eb, Laureta Omerni dhe Hekuran Brahimajn duke zgjedhur Gent Picarin n\u00eb k\u00ebt\u00eb post (Picari u shkarkua m\u00eb von\u00eb).<\/p>\n<p>Prokuroria e akuzon ish- kryebashkiakun p\u00ebr 3 vepra penale \u201dFalsifikim i vulave, stampave ose formular\u00ebve\u201d. \u201cFalsifikim i dokumentave\u201d dhe \u201dKryerja e funksionit pas dh\u00ebnies fund t\u00eb detyr\u00ebs\u201d.<\/p>\n","protected":false},"excerpt":{"rendered":"<p>N\u00eb nj\u00eb koh\u00eb kur ish-kryetari i Bashkis\u00eb s\u00eb Vor\u00ebs vijon t\u00eb jet\u00eb n\u00eb arrati, Agim Kajmaku, \u2018BalkanWeb\u2019 zbardh mesazhin e drejtorit t\u00eb policis\u00eb s\u00eb Tiran\u00ebs, Rebani Jaupi, drejtuar komisariateve. Gazetarja Klodiana Lala raporton p\u00ebr \u2018BalkanWeb\u2019 se Jaupi i ka k\u00ebrkuar komisariateve q\u00eb t\u00eb merren masa p\u00ebr kapjen e Kajmakut. \u201cTe merren masa nga gjith\u00eb Komisariatet [&hellip;]<\/p>\n","protected":false},"author":2013,"featured_media":102935,"comment_status":"open","ping_status":"closed","sticky":false,"template":"","format":"standard","meta":{"footnotes":""},"categories":[241,235],"tags":[],"class_list":{"0":"post-123147","1":"post","2":"type-post","3":"status-publish","4":"format-standard","5":"has-post-thumbnail","7":"category-aktualitet","8":"category-vendi"},"_links":{"self":[{"href":"https:\/\/zjarr.tv\/sq\/wp-json\/wp\/v2\/posts\/123147","targetHints":{"allow":["GET"]}}],"collection":[{"href":"https:\/\/zjarr.tv\/sq\/wp-json\/wp\/v2\/posts"}],"about":[{"href":"https:\/\/zjarr.tv\/sq\/wp-json\/wp\/v2\/types\/post"}],"author":[{"embeddable":true,"href":"https:\/\/zjarr.tv\/sq\/wp-json\/wp\/v2\/users\/2013"}],"replies":[{"embeddable":true,"href":"https:\/\/zjarr.tv\/sq\/wp-json\/wp\/v2\/comments?post=123147"}],"version-history":[{"count":0,"href":"https:\/\/zjarr.tv\/sq\/wp-json\/wp\/v2\/posts\/123147\/revisions"}],"wp:featuredmedia":[{"embeddable":true,"href":"https:\/\/zjarr.tv\/sq\/wp-json\/wp\/v2\/media\/102935"}],"wp:attachment":[{"href":"https:\/\/zjarr.tv\/sq\/wp-json\/wp\/v2\/media?parent=123147"}],"wp:term":[{"taxonomy":"category","embeddable":true,"href":"https:\/\/zjarr.tv\/sq\/wp-json\/wp\/v2\/categories?post=123147"},{"taxonomy":"post_tag","embeddable":true,"href":"https:\/\/zjarr.tv\/sq\/wp-json\/wp\/v2\/tags?post=123147"}],"curies":[{"name":"wp","href":"https:\/\/api.w.org\/{rel}","templated":true}]}}