{"id":123149,"date":"2020-03-02T11:25:43","date_gmt":"2020-03-02T10:25:43","guid":{"rendered":"https:\/\/zjarr.tv\/?p=123149"},"modified":"2020-03-02T11:25:43","modified_gmt":"2020-03-02T10:25:43","slug":"njerit-i-duket-vetja-napoleon-tjetrit-skenderbe-deputeti-i-opozites-se-re-rama-e-meta-nuk-mund-te-kerkojne-beselidhje-me-shqiptaret","status":"publish","type":"post","link":"https:\/\/zjarr.tv\/sq\/njerit-i-duket-vetja-napoleon-tjetrit-skenderbe-deputeti-i-opozites-se-re-rama-e-meta-nuk-mund-te-kerkojne-beselidhje-me-shqiptaret\/","title":{"rendered":"\u201cNj\u00ebrit i duket vetja Napoleon, tjetrit Sk\u00ebnderbe\u201d, deputeti i opozit\u00ebs s\u00eb re: Rama e Meta nuk mund t\u00eb k\u00ebrkojn\u00eb bes\u00eblidhje me shqiptar\u00ebt"},"content":{"rendered":"<p>Deputeti i opozit\u00ebs s\u00eb re Korab Lita n\u00eb fjal\u00ebn e tij n\u00eb parlament deklaroi se sot n\u00eb politik\u00ebn shqiptare kemi dy persona, q\u00eb jan\u00eb kryeministri Rama dhe presidenti Meta, t\u00eb cil\u00ebve iu duket vetja nj\u00ebrit si Napoleon e tjetrit si Sk\u00ebnderbeu.<\/p>\n<p>Lita me ironi thot\u00eb se Ram\u00ebs e Met\u00ebs iu duket vetja si personazh\u00eb t\u00eb njohur historik\u00eb, nd\u00ebrsa vler\u00ebson se kryeministri e presidenti aktual nuk mund t\u00eb lidhin bes\u00eb me shqiptar\u00ebt, pasi jan\u00eb ata q\u00eb kan\u00eb nd\u00ebrtuar k\u00ebt\u00eb sistem politik q\u00eb kemi sot.<\/p>\n<p>\u201cI zgjedhuri dhe ata q\u00eb zgjedhin kan\u00eb dallime. Situata n\u00eb t\u00eb cil\u00ebn ndodhet sot zgjedh\u00ebsi shqiptar ose Shqip\u00ebria besoj se \u00ebsht\u00eb shum\u00eb ndryshe nga se \u00ebsht\u00eb m\u00eb p\u00ebrpara. Sot njer\u00ebzit k\u00ebrkojn\u00eb ekzistenc\u00ebn e shtetit, sot njer\u00ebzit nuk gjejn\u00eb drejt\u00ebsi n\u00eb gjykata, nuk gjejn\u00eb t\u00eb drejt\u00ebn e tyre n\u00eb tatim-taksa e kudo. Zgjedh\u00ebsit k\u00ebrkojn\u00eb vot\u00ebn e lir\u00eb, k\u00ebrkojn\u00eb shtet t\u00eb Kushtetut\u00ebs. Sot jemi n\u00eb situat\u00ebn ku dy persona po b\u00ebjn\u00eb beteja. Nj\u00ebrit i duket vetja si Napoloni e tjetri si Sk\u00ebnderbeu. K\u00ebta nuk mund t\u00eb b\u00ebjn\u00eb bes\u00eblidhje, pasi kan\u00eb b\u00ebr\u00eb t\u00eb k\u00ebqija n\u00eb demokraci. Si mund t\u00eb k\u00ebrkojn\u00eb bes\u00eb me shqiptar\u00ebt? Arkitekt\u00ebt e k\u00ebsaj situate k\u00ebrkojn\u00eb bes\u00eb. Kam protestuar kund\u00ebr shum\u00eb lider\u00ebve t\u00eb partive, por edhe p\u00ebr demokraci t\u00eb brendshme t\u00eb partis\u00eb\u201d, tha Lita.<\/p>\n<p>M\u00eb tej, Lita n\u00ebnvizoi se partit\u00eb kan\u00eb humbur demokracin\u00eb e brendshme, ndaj ka nevoj\u00eb p\u00ebr ndryshime rr\u00ebnj\u00ebsore.<\/p>\n<p>\u201cUn\u00eb mendoj se partit\u00eb politike sot nuk jan\u00eb demokratike. Sot duhet nj\u00eb reform\u00eb zgjedhore gjith\u00eb-p\u00ebrfshir\u00ebse brenda parlamentit, p\u00ebr vot\u00ebn e lir\u00eb, p\u00ebr t\u00eb ndryshuar sistemin. Pas k\u00ebsaj, ky parlament duhet t\u00eb shp\u00ebrndahet p\u00ebr t\u00eb marr\u00eb mandatet drejtp\u00ebrdrejt\u201d, u shpreh Lita.<\/p>\n","protected":false},"excerpt":{"rendered":"<p>Deputeti i opozit\u00ebs s\u00eb re Korab Lita n\u00eb fjal\u00ebn e tij n\u00eb parlament deklaroi se sot n\u00eb politik\u00ebn shqiptare kemi dy persona, q\u00eb jan\u00eb kryeministri Rama dhe presidenti Meta, t\u00eb cil\u00ebve iu duket vetja nj\u00ebrit si Napoleon e tjetrit si Sk\u00ebnderbeu. Lita me ironi thot\u00eb se Ram\u00ebs e Met\u00ebs iu duket vetja si personazh\u00eb t\u00eb [&hellip;]<\/p>\n","protected":false},"author":2013,"featured_media":111733,"comment_status":"open","ping_status":"closed","sticky":false,"template":"","format":"standard","meta":{"footnotes":""},"categories":[241,235],"tags":[],"class_list":{"0":"post-123149","1":"post","2":"type-post","3":"status-publish","4":"format-standard","5":"has-post-thumbnail","7":"category-aktualitet","8":"category-vendi"},"_links":{"self":[{"href":"https:\/\/zjarr.tv\/sq\/wp-json\/wp\/v2\/posts\/123149","targetHints":{"allow":["GET"]}}],"collection":[{"href":"https:\/\/zjarr.tv\/sq\/wp-json\/wp\/v2\/posts"}],"about":[{"href":"https:\/\/zjarr.tv\/sq\/wp-json\/wp\/v2\/types\/post"}],"author":[{"embeddable":true,"href":"https:\/\/zjarr.tv\/sq\/wp-json\/wp\/v2\/users\/2013"}],"replies":[{"embeddable":true,"href":"https:\/\/zjarr.tv\/sq\/wp-json\/wp\/v2\/comments?post=123149"}],"version-history":[{"count":0,"href":"https:\/\/zjarr.tv\/sq\/wp-json\/wp\/v2\/posts\/123149\/revisions"}],"wp:featuredmedia":[{"embeddable":true,"href":"https:\/\/zjarr.tv\/sq\/wp-json\/wp\/v2\/media\/111733"}],"wp:attachment":[{"href":"https:\/\/zjarr.tv\/sq\/wp-json\/wp\/v2\/media?parent=123149"}],"wp:term":[{"taxonomy":"category","embeddable":true,"href":"https:\/\/zjarr.tv\/sq\/wp-json\/wp\/v2\/categories?post=123149"},{"taxonomy":"post_tag","embeddable":true,"href":"https:\/\/zjarr.tv\/sq\/wp-json\/wp\/v2\/tags?post=123149"}],"curies":[{"name":"wp","href":"https:\/\/api.w.org\/{rel}","templated":true}]}}