{"id":123153,"date":"2020-03-02T11:29:56","date_gmt":"2020-03-02T10:29:56","guid":{"rendered":"https:\/\/zjarr.tv\/?p=123153"},"modified":"2020-03-02T11:29:56","modified_gmt":"2020-03-02T10:29:56","slug":"manifestimi-ne-mbrojtje-te-kushtetutes-organizohet-lsi-e-korces-pritet-te-nisen-drejt-tiranes-2-500-simpantizante","status":"publish","type":"post","link":"https:\/\/zjarr.tv\/sq\/manifestimi-ne-mbrojtje-te-kushtetutes-organizohet-lsi-e-korces-pritet-te-nisen-drejt-tiranes-2-500-simpantizante\/","title":{"rendered":"\u201cManifestimi n\u00eb mbrojtje t\u00eb Kushtetut\u00ebs\u201d\/ Organizohet LSI e Kor\u00e7\u00ebs, pritet t\u00eb nisen drejt Tiran\u00ebs 2 500 simpantizant\u00eb"},"content":{"rendered":"<p><strong>KORC\u00cb<\/strong><\/p>\n<p>LSI e qarkut Kor\u00e7\u00eb \u00ebsht\u00eb organizuar dit\u00ebn e k\u00ebsaj t\u00eb h\u00ebne p\u00ebr nisjen drejt kryeqytetit pas thirrjes s\u00eb Ilir Met\u00ebs. pritet t\u00eb nisen drejt kryeqytetit m\u00eb shum\u00eb se 2 500 simpatizant\u00eb, organizim ky i b\u00ebr\u00eb me 20 autobus\u00eb dhe pjesa tjet\u00ebr me makina private. Gjithashtu edhe kryetari i Partis\u00eb Demokratike, Dega Korc\u00eb ka b\u00ebr\u00eb t\u00eb ditur se u ka b\u00ebr\u00eb thirrje t\u00eb gjith\u00eb simpatizant\u00ebve t\u00eb k\u00ebsaj force politike t\u00eb jen\u00eb pjes\u00ebmarr\u00ebs n\u00eb k\u00ebt\u00eb manifestim q\u00eb nis n\u00eb or\u00ebn 17:00 n\u00eb kryeqytet, por sipas tij nuk ka asnj\u00eb nisje t\u00eb organizuar drejt Tiran\u00ebs.<\/p>\n","protected":false},"excerpt":{"rendered":"<p>KORC\u00cb LSI e qarkut Kor\u00e7\u00eb \u00ebsht\u00eb organizuar dit\u00ebn e k\u00ebsaj t\u00eb h\u00ebne p\u00ebr nisjen drejt kryeqytetit pas thirrjes s\u00eb Ilir Met\u00ebs. pritet t\u00eb nisen drejt kryeqytetit m\u00eb shum\u00eb se 2 500 simpatizant\u00eb, organizim ky i b\u00ebr\u00eb me 20 autobus\u00eb dhe pjesa tjet\u00ebr me makina private. Gjithashtu edhe kryetari i Partis\u00eb Demokratike, Dega Korc\u00eb ka b\u00ebr\u00eb [&hellip;]<\/p>\n","protected":false},"author":2013,"featured_media":123154,"comment_status":"open","ping_status":"closed","sticky":false,"template":"","format":"standard","meta":{"footnotes":""},"categories":[241,235],"tags":[],"class_list":{"0":"post-123153","1":"post","2":"type-post","3":"status-publish","4":"format-standard","5":"has-post-thumbnail","7":"category-aktualitet","8":"category-vendi"},"_links":{"self":[{"href":"https:\/\/zjarr.tv\/sq\/wp-json\/wp\/v2\/posts\/123153","targetHints":{"allow":["GET"]}}],"collection":[{"href":"https:\/\/zjarr.tv\/sq\/wp-json\/wp\/v2\/posts"}],"about":[{"href":"https:\/\/zjarr.tv\/sq\/wp-json\/wp\/v2\/types\/post"}],"author":[{"embeddable":true,"href":"https:\/\/zjarr.tv\/sq\/wp-json\/wp\/v2\/users\/2013"}],"replies":[{"embeddable":true,"href":"https:\/\/zjarr.tv\/sq\/wp-json\/wp\/v2\/comments?post=123153"}],"version-history":[{"count":0,"href":"https:\/\/zjarr.tv\/sq\/wp-json\/wp\/v2\/posts\/123153\/revisions"}],"wp:featuredmedia":[{"embeddable":true,"href":"https:\/\/zjarr.tv\/sq\/wp-json\/wp\/v2\/media\/123154"}],"wp:attachment":[{"href":"https:\/\/zjarr.tv\/sq\/wp-json\/wp\/v2\/media?parent=123153"}],"wp:term":[{"taxonomy":"category","embeddable":true,"href":"https:\/\/zjarr.tv\/sq\/wp-json\/wp\/v2\/categories?post=123153"},{"taxonomy":"post_tag","embeddable":true,"href":"https:\/\/zjarr.tv\/sq\/wp-json\/wp\/v2\/tags?post=123153"}],"curies":[{"name":"wp","href":"https:\/\/api.w.org\/{rel}","templated":true}]}}