{"id":123156,"date":"2020-03-02T11:36:36","date_gmt":"2020-03-02T10:36:36","guid":{"rendered":"https:\/\/zjarr.tv\/?p=123156"},"modified":"2020-03-02T11:36:36","modified_gmt":"2020-03-02T10:36:36","slug":"apeli-i-kryeministrit-mos-harxhoni-leke-duke-blere-maska-koronavirusi-nuk-eshte-fundi-i-botes","status":"publish","type":"post","link":"https:\/\/zjarr.tv\/sq\/apeli-i-kryeministrit-mos-harxhoni-leke-duke-blere-maska-koronavirusi-nuk-eshte-fundi-i-botes\/","title":{"rendered":"Apeli i Kryeministrit: Mos harxhoni lek\u00eb duke bler\u00eb maska, koronavirusi nuk \u00ebsht\u00eb fundi i bot\u00ebs"},"content":{"rendered":"<p>Nd\u00ebrkoh\u00eb q\u00eb qytetar\u00ebt jan\u00eb dyndur n\u00ebp\u00ebr farmaci p\u00ebr t\u00eb bler\u00eb maska, nj\u00eb apel vjen nga kryeministri Edi Rama: &#8220;Mos harxhoni lek\u00eb p\u00ebr t\u00eb bler\u00eb maska&#8221;.<\/p>\n<p><strong>Rama<\/strong>: Mos rendin p\u00ebr t\u00eb bler\u00eb maska, maska nuk mbrojn\u00eb personat nga prekja, maskat jan\u00eb t\u00eb dobishme p\u00ebr personelin mjek\u00ebsor, p\u00ebr t\u00eb prekurit dhe p\u00ebr ata q\u00eb u sh\u00ebrbejn\u00eb t\u00eb prekurve, t\u00eb tjer\u00ebt nuk sh\u00ebrbejn\u00eb p\u00ebr asgj\u00eb<\/p>\n<p>vijon<\/p>\n","protected":false},"excerpt":{"rendered":"<p>Nd\u00ebrkoh\u00eb q\u00eb qytetar\u00ebt jan\u00eb dyndur n\u00ebp\u00ebr farmaci p\u00ebr t\u00eb bler\u00eb maska, nj\u00eb apel vjen nga kryeministri Edi Rama: &#8220;Mos harxhoni lek\u00eb p\u00ebr t\u00eb bler\u00eb maska&#8221;. Rama: Mos rendin p\u00ebr t\u00eb bler\u00eb maska, maska nuk mbrojn\u00eb personat nga prekja, maskat jan\u00eb t\u00eb dobishme p\u00ebr personelin mjek\u00ebsor, p\u00ebr t\u00eb prekurit dhe p\u00ebr ata q\u00eb u sh\u00ebrbejn\u00eb t\u00eb [&hellip;]<\/p>\n","protected":false},"author":2013,"featured_media":86656,"comment_status":"open","ping_status":"closed","sticky":false,"template":"","format":"standard","meta":{"footnotes":""},"categories":[241,235],"tags":[],"class_list":{"0":"post-123156","1":"post","2":"type-post","3":"status-publish","4":"format-standard","5":"has-post-thumbnail","7":"category-aktualitet","8":"category-vendi"},"_links":{"self":[{"href":"https:\/\/zjarr.tv\/sq\/wp-json\/wp\/v2\/posts\/123156","targetHints":{"allow":["GET"]}}],"collection":[{"href":"https:\/\/zjarr.tv\/sq\/wp-json\/wp\/v2\/posts"}],"about":[{"href":"https:\/\/zjarr.tv\/sq\/wp-json\/wp\/v2\/types\/post"}],"author":[{"embeddable":true,"href":"https:\/\/zjarr.tv\/sq\/wp-json\/wp\/v2\/users\/2013"}],"replies":[{"embeddable":true,"href":"https:\/\/zjarr.tv\/sq\/wp-json\/wp\/v2\/comments?post=123156"}],"version-history":[{"count":0,"href":"https:\/\/zjarr.tv\/sq\/wp-json\/wp\/v2\/posts\/123156\/revisions"}],"wp:featuredmedia":[{"embeddable":true,"href":"https:\/\/zjarr.tv\/sq\/wp-json\/wp\/v2\/media\/86656"}],"wp:attachment":[{"href":"https:\/\/zjarr.tv\/sq\/wp-json\/wp\/v2\/media?parent=123156"}],"wp:term":[{"taxonomy":"category","embeddable":true,"href":"https:\/\/zjarr.tv\/sq\/wp-json\/wp\/v2\/categories?post=123156"},{"taxonomy":"post_tag","embeddable":true,"href":"https:\/\/zjarr.tv\/sq\/wp-json\/wp\/v2\/tags?post=123156"}],"curies":[{"name":"wp","href":"https:\/\/api.w.org\/{rel}","templated":true}]}}