{"id":123161,"date":"2020-03-02T12:11:49","date_gmt":"2020-03-02T11:11:49","guid":{"rendered":"https:\/\/zjarr.tv\/?p=123161"},"modified":"2020-03-02T12:11:49","modified_gmt":"2020-03-02T11:11:49","slug":"rama-jep-pergjigjen-pse-ofl-nuk-merret-me-politikanet","status":"publish","type":"post","link":"https:\/\/zjarr.tv\/sq\/rama-jep-pergjigjen-pse-ofl-nuk-merret-me-politikanet\/","title":{"rendered":"Rama jep p\u00ebrgjigjen pse OFL nuk merret me politikan\u00ebt"},"content":{"rendered":"<p>Kryeministri Edi Rama nga foltorja e Kuvendit i ka dh\u00ebn\u00eb p\u00ebrgjigje t\u00eb gjith\u00eb atyre q\u00eb pyesin se p\u00ebrse OFL nuk merret me politikan\u00eb apo gjykat\u00ebs.<\/p>\n<p>Kreu i qeveris\u00eb u shpreh se operacioni Forca e Ligjit \u00ebsht\u00eb nj\u00eb operacion policor q\u00eb ka synim subjektet q\u00eb jan\u00eb d\u00ebnuar dhe e kan\u00eb kryer procesin gjyq\u00ebsor.<\/p>\n<p><strong>Edi Rama:\u00a0<\/strong><em>Sqaroj se OFL ka objekt t\u00eb ofensiv\u00ebs s\u00eb vet persona q\u00eb e kan\u00eb kryer procesin gjyq\u00ebsor. Pra persona t\u00eb d\u00ebnuar, nd\u00ebrkoh\u00eb q\u00eb politikan\u00ebt dhe gjykat\u00ebsit, apo prokuror\u00ebt jan\u00eb subjekt i deklarimit t\u00eb pasurive prej vitesh dhe i takon drejt\u00ebsis\u00eb q\u00eb t\u00eb shohin p\u00ebr \u00e7do rast sipas nevojave t\u00eb tyre p\u00ebr hetime \u00a0burimin e pasuris\u00eb s\u00eb politikan\u00ebve apo gjykat\u00ebsve.<\/em><\/p>\n<p>Teksa foli p\u00ebr amnistin\u00eb fiskal\u00eb, Rama tha se do t\u00eb p\u00ebrjashtohen emigrant\u00ebt q\u00eb kan\u00eb punuar jasht\u00eb vendit. Nd\u00ebrsa nga kjo amnisti p\u00ebrjashtohen ata q\u00eb parat\u00eb i kan\u00eb nga aktivitete kriminale.<\/p>\n<p><strong>Edi Rama:<\/strong><em>\u00a0Askush nuk do t\u00eb shp\u00ebtoj\u00eb nga rrjet e OFL dhe e drejt\u00ebsis\u00eb e lidhur me asetet e v\u00ebna me krim, por natyrsh\u00ebm kjo ka krijuar nj\u00eb pasiguri e cila nuk ka baz\u00eb, sepse OFL nuk ka subjekt t\u00eb veprimtaris\u00eb s\u00eb vet ask\u00ebnd p\u00ebrve\u00e7 atyre q\u00eb kan\u00eb kryer krimet e parashikuar n\u00eb ligj, por ama duke e ditur t\u00eb gjith\u00eb ata q\u00eb jan\u00eb shqet\u00ebsuar se kan\u00eb para t\u00eb fituara nga puna n\u00eb t\u00eb zez\u00eb se kan\u00eb asete t\u00eb padeklaruara jan\u00eb v\u00ebn\u00eb n\u00eb nj\u00eb lloj pasigurie. P\u00ebr t\u00eb adresuar k\u00ebt\u00eb pasiguri dhe p\u00ebr t\u00eb njohur t\u00eb drejt\u00ebn e formalizmit t\u00eb t\u00eb gjitha atyre q\u00eb vijn\u00eb nga djersa e pun\u00ebs s\u00eb ndershme, t\u00eb t\u00eb gjith\u00eb emigrant\u00ebve shqiptar\u00eb q\u00eb kan\u00eb kaluar p\u00ebr her\u00eb t\u00eb par\u00eb kufirin e bot\u00ebs, nuk i ka pritur njeri me krah hapur, por kan\u00eb b\u00ebr\u00eb gjithfar\u00eb pun\u00ebsh dhe kan\u00eb kursyer p\u00ebr t\u00eb mbajtur veten dhe familjet e tyre. K\u00ebto jan\u00eb kursime t\u00eb ndershme p\u00ebr t\u00eb cilat ne do t\u00eb hapim rrug\u00ebn e futjes n\u00ebp\u00ebr banka, duke i p\u00ebrjashtuar nga \u00e7do lloj kontrolli i \u00e7do natyre t\u00eb regjimit t\u00eb jet\u00ebs s\u00eb p\u00ebrditshme si\u00e7 do t\u00eb ndodh\u00eb pas amnistis\u00eb. Amnistia do t\u00eb p\u00ebrjashtohen ata q\u00eb i kan\u00eb t\u00eb ardhurat e tyre nga krimi dhe amnistia do t\u00eb jet\u00eb \u00a0fiskale dhe penale dhe do t\u00eb votohet me 84 vota q\u00eb nuk do ket\u00eb shans q\u00eb t\u00eb vij\u00eb njeri ta kthej\u00eb p\u00ebr arsye politike. T\u00eb gjitha ata q\u00eb parat\u00eb i kan\u00eb nga krimi jan\u00eb paamnistuesh\u00ebm. Po ashtu t\u00eb paamnistuesh\u00ebm t\u00eb ardhurat e politikan\u00ebve dhe t\u00eb rrethit familjar, t\u00eb gjykat\u00ebsve, t\u00eb prokuror\u00ebve dhe rrethit t\u00eb tyre familjar, t\u00eb punonj\u00ebsve t\u00eb policis\u00eb dhe rrethit familjar si dhe drejtuesve t\u00eb shtetit q\u00eb jan\u00eb subjekt i deklarimit t\u00eb pasurive. Parat\u00eb e k\u00ebtyre kategorive q\u00eb jan\u00eb subjekt i deklarimit t\u00eb pasurive nuk mund t\u00eb legalizohen n\u00ebse vijn\u00eb nga veprimtaria e paligjshme.<\/em><\/p>\n","protected":false},"excerpt":{"rendered":"<p>Kryeministri Edi Rama nga foltorja e Kuvendit i ka dh\u00ebn\u00eb p\u00ebrgjigje t\u00eb gjith\u00eb atyre q\u00eb pyesin se p\u00ebrse OFL nuk merret me politikan\u00eb apo gjykat\u00ebs. Kreu i qeveris\u00eb u shpreh se operacioni Forca e Ligjit \u00ebsht\u00eb nj\u00eb operacion policor q\u00eb ka synim subjektet q\u00eb jan\u00eb d\u00ebnuar dhe e kan\u00eb kryer procesin gjyq\u00ebsor. Edi Rama:\u00a0Sqaroj se [&hellip;]<\/p>\n","protected":false},"author":2013,"featured_media":89748,"comment_status":"open","ping_status":"closed","sticky":false,"template":"","format":"standard","meta":{"footnotes":""},"categories":[241,235],"tags":[],"class_list":{"0":"post-123161","1":"post","2":"type-post","3":"status-publish","4":"format-standard","5":"has-post-thumbnail","7":"category-aktualitet","8":"category-vendi"},"_links":{"self":[{"href":"https:\/\/zjarr.tv\/sq\/wp-json\/wp\/v2\/posts\/123161","targetHints":{"allow":["GET"]}}],"collection":[{"href":"https:\/\/zjarr.tv\/sq\/wp-json\/wp\/v2\/posts"}],"about":[{"href":"https:\/\/zjarr.tv\/sq\/wp-json\/wp\/v2\/types\/post"}],"author":[{"embeddable":true,"href":"https:\/\/zjarr.tv\/sq\/wp-json\/wp\/v2\/users\/2013"}],"replies":[{"embeddable":true,"href":"https:\/\/zjarr.tv\/sq\/wp-json\/wp\/v2\/comments?post=123161"}],"version-history":[{"count":0,"href":"https:\/\/zjarr.tv\/sq\/wp-json\/wp\/v2\/posts\/123161\/revisions"}],"wp:featuredmedia":[{"embeddable":true,"href":"https:\/\/zjarr.tv\/sq\/wp-json\/wp\/v2\/media\/89748"}],"wp:attachment":[{"href":"https:\/\/zjarr.tv\/sq\/wp-json\/wp\/v2\/media?parent=123161"}],"wp:term":[{"taxonomy":"category","embeddable":true,"href":"https:\/\/zjarr.tv\/sq\/wp-json\/wp\/v2\/categories?post=123161"},{"taxonomy":"post_tag","embeddable":true,"href":"https:\/\/zjarr.tv\/sq\/wp-json\/wp\/v2\/tags?post=123161"}],"curies":[{"name":"wp","href":"https:\/\/api.w.org\/{rel}","templated":true}]}}