{"id":123166,"date":"2020-03-02T12:28:53","date_gmt":"2020-03-02T11:28:53","guid":{"rendered":"https:\/\/zjarr.tv\/?p=123166"},"modified":"2020-03-02T12:28:53","modified_gmt":"2020-03-02T11:28:53","slug":"balla-vlereson-opoziten-ne-parlament-sulmon-meten-dhe-bashen-po-pengojne-reformen-ne-drejtesi","status":"publish","type":"post","link":"https:\/\/zjarr.tv\/sq\/balla-vlereson-opoziten-ne-parlament-sulmon-meten-dhe-bashen-po-pengojne-reformen-ne-drejtesi\/","title":{"rendered":"Balla vler\u00ebson opozit\u00ebn n\u00eb Parlament, sulmon Met\u00ebn dhe Bash\u00ebn: Po pengojn\u00eb reform\u00ebn n\u00eb drejt\u00ebsi"},"content":{"rendered":"<p>Kryetari i grupit parlamentar, Taulant Balla nga foltorja e Kuvendit ka vler\u00ebsuar rolin e opozit\u00ebs n\u00eb parlament p\u00ebr kontributin q\u00eb ka dh\u00ebn\u00eb n\u00eb vler\u00ebsimet e Komisionit Europian p\u00ebr ecurin\u00eb e reformave.<\/p>\n<p><strong>Taulant Balla:<\/strong>\u00a0<em>Kemi punuar s\u00eb bashku, kemi miratuar s\u00eb bashku ligje q\u00eb kan\u00eb k\u00ebrkuar shumic\u00eb t\u00eb cil\u00ebsuar dhe ky \u00ebsht\u00eb nj\u00eb dallim i madh q\u00eb ju ndan ju nga opozita e rrug\u00ebs. Shum\u00eb ligje ne nuk mund ti kishim \u00e7uar p\u00ebrpara.<\/em><\/p>\n<p>Nd\u00ebrsa sulmoi Presidentin Meta dhe kryetarin e PD, Lulzim Basha, q\u00eb sipas Ball\u00ebs po pengojn\u00eb ecurin\u00eb e reform\u00ebs n\u00eb drejt\u00ebsi.<\/p>\n<p>vijon<\/p>\n","protected":false},"excerpt":{"rendered":"<p>Kryetari i grupit parlamentar, Taulant Balla nga foltorja e Kuvendit ka vler\u00ebsuar rolin e opozit\u00ebs n\u00eb parlament p\u00ebr kontributin q\u00eb ka dh\u00ebn\u00eb n\u00eb vler\u00ebsimet e Komisionit Europian p\u00ebr ecurin\u00eb e reformave. Taulant Balla:\u00a0Kemi punuar s\u00eb bashku, kemi miratuar s\u00eb bashku ligje q\u00eb kan\u00eb k\u00ebrkuar shumic\u00eb t\u00eb cil\u00ebsuar dhe ky \u00ebsht\u00eb nj\u00eb dallim i madh q\u00eb [&hellip;]<\/p>\n","protected":false},"author":2013,"featured_media":63724,"comment_status":"open","ping_status":"closed","sticky":false,"template":"","format":"standard","meta":{"footnotes":""},"categories":[241,235],"tags":[],"class_list":{"0":"post-123166","1":"post","2":"type-post","3":"status-publish","4":"format-standard","5":"has-post-thumbnail","7":"category-aktualitet","8":"category-vendi"},"_links":{"self":[{"href":"https:\/\/zjarr.tv\/sq\/wp-json\/wp\/v2\/posts\/123166","targetHints":{"allow":["GET"]}}],"collection":[{"href":"https:\/\/zjarr.tv\/sq\/wp-json\/wp\/v2\/posts"}],"about":[{"href":"https:\/\/zjarr.tv\/sq\/wp-json\/wp\/v2\/types\/post"}],"author":[{"embeddable":true,"href":"https:\/\/zjarr.tv\/sq\/wp-json\/wp\/v2\/users\/2013"}],"replies":[{"embeddable":true,"href":"https:\/\/zjarr.tv\/sq\/wp-json\/wp\/v2\/comments?post=123166"}],"version-history":[{"count":0,"href":"https:\/\/zjarr.tv\/sq\/wp-json\/wp\/v2\/posts\/123166\/revisions"}],"wp:featuredmedia":[{"embeddable":true,"href":"https:\/\/zjarr.tv\/sq\/wp-json\/wp\/v2\/media\/63724"}],"wp:attachment":[{"href":"https:\/\/zjarr.tv\/sq\/wp-json\/wp\/v2\/media?parent=123166"}],"wp:term":[{"taxonomy":"category","embeddable":true,"href":"https:\/\/zjarr.tv\/sq\/wp-json\/wp\/v2\/categories?post=123166"},{"taxonomy":"post_tag","embeddable":true,"href":"https:\/\/zjarr.tv\/sq\/wp-json\/wp\/v2\/tags?post=123166"}],"curies":[{"name":"wp","href":"https:\/\/api.w.org\/{rel}","templated":true}]}}