{"id":123172,"date":"2020-03-02T14:19:47","date_gmt":"2020-03-02T13:19:47","guid":{"rendered":"https:\/\/zjarr.tv\/?p=123172"},"modified":"2020-03-02T14:19:47","modified_gmt":"2020-03-02T13:19:47","slug":"gjykata-kalon-per-gjykim-dosjen-ndaj-balliut-ish-deputeti-nuk-ka-asnje-prove","status":"publish","type":"post","link":"https:\/\/zjarr.tv\/sq\/gjykata-kalon-per-gjykim-dosjen-ndaj-balliut-ish-deputeti-nuk-ka-asnje-prove\/","title":{"rendered":"Gjykata kalon p\u00ebr gjykim dosjen ndaj Balliut, ish-deputeti: Nuk ka asnj\u00eb prov\u00eb"},"content":{"rendered":"<p>Gjykata Penale e Tiran\u00ebs ka kaluar p\u00ebr gjykim dosjen penale ndaj ish-deputetit t\u00eb PD-s\u00eb Klevis Balliu.<\/p>\n<p>Balliu ka deklaruar se do t\u00eb vazhdoj\u00eb t\u00eb p\u00ebrballet me at\u00eb q\u00eb e quan padrejt\u00ebsi ndaj tij.<\/p>\n<p><strong>Balliu:<\/strong><em>\u00a0Ne k\u00ebtu nuk na ka sjell\u00eb ligji, k\u00ebtu na ka sjell\u00eb Edi Rama dhe pushteti i tij i inkrimunuar. Un\u00eb e kam k\u00ebrkuar disa her\u00eb, ku \u00ebsht\u00eb nj\u00eb prov\u00eb p\u00ebr personin i cili thot\u00eb q\u00eb un\u00eb i kam thyer krahun. Ku \u00ebsht\u00eb prova p\u00ebr thyerjen e krahut t\u00eb policit. Ku jan\u00eb provat q\u00eb paskan ushtuar banor\u00ebt e unaz\u00ebs, nd\u00ebrkoh\u00eb kemi prova si qytetar\u00ebt dhunohen. \u00a0Pushojn\u00eb \u00e7\u00ebshtjen e Unaz\u00ebs s\u00eb Re, ku vidhen 40 mln euro dhe nuk pushojn\u00eb \u00e7\u00ebshtjen k\u00ebtu kur nuk kan\u00eb asnj\u00eb prov\u00eb as kund\u00ebr meje dhe as kund\u00ebr banor\u00ebve. \u00a0<\/em><\/p>\n","protected":false},"excerpt":{"rendered":"<p>Gjykata Penale e Tiran\u00ebs ka kaluar p\u00ebr gjykim dosjen penale ndaj ish-deputetit t\u00eb PD-s\u00eb Klevis Balliu. Balliu ka deklaruar se do t\u00eb vazhdoj\u00eb t\u00eb p\u00ebrballet me at\u00eb q\u00eb e quan padrejt\u00ebsi ndaj tij. Balliu:\u00a0Ne k\u00ebtu nuk na ka sjell\u00eb ligji, k\u00ebtu na ka sjell\u00eb Edi Rama dhe pushteti i tij i inkrimunuar. Un\u00eb e kam [&hellip;]<\/p>\n","protected":false},"author":2013,"featured_media":123173,"comment_status":"open","ping_status":"closed","sticky":false,"template":"","format":"standard","meta":{"footnotes":""},"categories":[241,235],"tags":[],"class_list":{"0":"post-123172","1":"post","2":"type-post","3":"status-publish","4":"format-standard","5":"has-post-thumbnail","7":"category-aktualitet","8":"category-vendi"},"_links":{"self":[{"href":"https:\/\/zjarr.tv\/sq\/wp-json\/wp\/v2\/posts\/123172","targetHints":{"allow":["GET"]}}],"collection":[{"href":"https:\/\/zjarr.tv\/sq\/wp-json\/wp\/v2\/posts"}],"about":[{"href":"https:\/\/zjarr.tv\/sq\/wp-json\/wp\/v2\/types\/post"}],"author":[{"embeddable":true,"href":"https:\/\/zjarr.tv\/sq\/wp-json\/wp\/v2\/users\/2013"}],"replies":[{"embeddable":true,"href":"https:\/\/zjarr.tv\/sq\/wp-json\/wp\/v2\/comments?post=123172"}],"version-history":[{"count":0,"href":"https:\/\/zjarr.tv\/sq\/wp-json\/wp\/v2\/posts\/123172\/revisions"}],"wp:featuredmedia":[{"embeddable":true,"href":"https:\/\/zjarr.tv\/sq\/wp-json\/wp\/v2\/media\/123173"}],"wp:attachment":[{"href":"https:\/\/zjarr.tv\/sq\/wp-json\/wp\/v2\/media?parent=123172"}],"wp:term":[{"taxonomy":"category","embeddable":true,"href":"https:\/\/zjarr.tv\/sq\/wp-json\/wp\/v2\/categories?post=123172"},{"taxonomy":"post_tag","embeddable":true,"href":"https:\/\/zjarr.tv\/sq\/wp-json\/wp\/v2\/tags?post=123172"}],"curies":[{"name":"wp","href":"https:\/\/api.w.org\/{rel}","templated":true}]}}