{"id":123187,"date":"2020-03-02T14:28:51","date_gmt":"2020-03-02T13:28:51","guid":{"rendered":"https:\/\/zjarr.tv\/?p=123187"},"modified":"2020-03-02T14:28:51","modified_gmt":"2020-03-02T13:28:51","slug":"meta-pret-ne-takim-ministrin-e-jashtem-kroat-ja-per-cfare-biseduan-dy-zyrtaret","status":"publish","type":"post","link":"https:\/\/zjarr.tv\/sq\/meta-pret-ne-takim-ministrin-e-jashtem-kroat-ja-per-cfare-biseduan-dy-zyrtaret\/","title":{"rendered":"Meta pret n\u00eb takim ministrin e Jasht\u00ebm kroat, ja p\u00ebr \u00e7far\u00eb biseduan dy zyrtar\u00ebt"},"content":{"rendered":"<p>Presidenti Ilir Meta priti sot n\u00eb nj\u00eb takim Ministrin p\u00ebr Europ\u00ebn dhe Pun\u00ebt e Jashtme t\u00eb Kroacis\u00eb, Gordan Grli\u0107 Radman. Teksa e fal\u00ebnderoi p\u00ebr ndihm\u00ebn kroate pas t\u00ebrmetit t\u00eb 26 n\u00ebntorit 2019, Meta shprehu mir\u00ebnjohjen p\u00ebr Kroacin\u00eb, si dhe p\u00ebr mb\u00ebshtetjen e vazhdueshme p\u00ebr procesin e integrimit t\u00eb Shqip\u00ebris\u00eb n\u00eb Bashkimin Europian. Duke e uruar Kroacin\u00eb n\u00eb kryesimin e K\u00ebshillit t\u00eb BE-s\u00eb, Presidenti Meta theksoi se 9 kushtet e Bundestagut jan\u00eb tregues i kriz\u00ebs ku ndodhet sot Shqip\u00ebria, dhe udh\u00ebrr\u00ebfyes p\u00ebr \u00e7eljen e negociatave t\u00eb an\u00ebtar\u00ebsimit.<\/p>\n<div class=\"galery-slider\"><\/div>\n<p>\u201cMesazhi i p\u00ebrforcuar i Bundestagut vet\u00ebm pak dit\u00eb m\u00eb par\u00eb ishte: Nj\u00eb vend kandidat duhet medoemos t\u00eb ket\u00eb nj\u00eb sistem funksional t\u00eb kontrollit dhe balanc\u00ebs dhe zbatimi i prioriteteve duhet t\u00eb b\u00ebhet n\u00eb p\u00ebrputhje t\u00eb plot\u00eb me \u00e7do parashikim kushtetues.\u201d, \u2013 u shpreh gjat\u00eb takimit Meta.<\/p>\n","protected":false},"excerpt":{"rendered":"<p>Presidenti Ilir Meta priti sot n\u00eb nj\u00eb takim Ministrin p\u00ebr Europ\u00ebn dhe Pun\u00ebt e Jashtme t\u00eb Kroacis\u00eb, Gordan Grli\u0107 Radman. Teksa e fal\u00ebnderoi p\u00ebr ndihm\u00ebn kroate pas t\u00ebrmetit t\u00eb 26 n\u00ebntorit 2019, Meta shprehu mir\u00ebnjohjen p\u00ebr Kroacin\u00eb, si dhe p\u00ebr mb\u00ebshtetjen e vazhdueshme p\u00ebr procesin e integrimit t\u00eb Shqip\u00ebris\u00eb n\u00eb Bashkimin Europian. Duke e uruar [&hellip;]<\/p>\n","protected":false},"author":2013,"featured_media":123188,"comment_status":"open","ping_status":"closed","sticky":false,"template":"","format":"standard","meta":{"footnotes":""},"categories":[241,235],"tags":[],"class_list":{"0":"post-123187","1":"post","2":"type-post","3":"status-publish","4":"format-standard","5":"has-post-thumbnail","7":"category-aktualitet","8":"category-vendi"},"_links":{"self":[{"href":"https:\/\/zjarr.tv\/sq\/wp-json\/wp\/v2\/posts\/123187","targetHints":{"allow":["GET"]}}],"collection":[{"href":"https:\/\/zjarr.tv\/sq\/wp-json\/wp\/v2\/posts"}],"about":[{"href":"https:\/\/zjarr.tv\/sq\/wp-json\/wp\/v2\/types\/post"}],"author":[{"embeddable":true,"href":"https:\/\/zjarr.tv\/sq\/wp-json\/wp\/v2\/users\/2013"}],"replies":[{"embeddable":true,"href":"https:\/\/zjarr.tv\/sq\/wp-json\/wp\/v2\/comments?post=123187"}],"version-history":[{"count":0,"href":"https:\/\/zjarr.tv\/sq\/wp-json\/wp\/v2\/posts\/123187\/revisions"}],"wp:featuredmedia":[{"embeddable":true,"href":"https:\/\/zjarr.tv\/sq\/wp-json\/wp\/v2\/media\/123188"}],"wp:attachment":[{"href":"https:\/\/zjarr.tv\/sq\/wp-json\/wp\/v2\/media?parent=123187"}],"wp:term":[{"taxonomy":"category","embeddable":true,"href":"https:\/\/zjarr.tv\/sq\/wp-json\/wp\/v2\/categories?post=123187"},{"taxonomy":"post_tag","embeddable":true,"href":"https:\/\/zjarr.tv\/sq\/wp-json\/wp\/v2\/tags?post=123187"}],"curies":[{"name":"wp","href":"https:\/\/api.w.org\/{rel}","templated":true}]}}