{"id":123195,"date":"2020-03-02T14:40:14","date_gmt":"2020-03-02T13:40:14","guid":{"rendered":"https:\/\/zjarr.tv\/?p=123195"},"modified":"2020-03-02T14:40:14","modified_gmt":"2020-03-02T13:40:14","slug":"lulzim-basha-2-ore-takim-me-ambasadoren-yuri-kim","status":"publish","type":"post","link":"https:\/\/zjarr.tv\/sq\/lulzim-basha-2-ore-takim-me-ambasadoren-yuri-kim\/","title":{"rendered":"Lulzim Basha 2 or\u00eb takim me ambasadoren Yuri Kim"},"content":{"rendered":"<p>P\u00ebr rreth dy or\u00eb kreu i PD, Lulzim Basha ka zhvilluar nj\u00eb drek\u00eb pune me ambasadoren e SHBA n\u00eb vendin ton\u00eb, Yuri Kim.<\/p>\n<p>N\u00eb p\u00ebrfundim t\u00eb takimit, dy zyrtar\u00ebt ishin t\u00eb rezervuar n\u00eb detajet e bised\u00ebs.<\/p>\n<p><em>&#8220;Pata nj\u00eb bised\u00eb shum\u00eb t\u00eb mir\u00eb me miken ton\u00eb dhe p\u00ebrfaq\u00ebsuesen e aleat\u00ebtit strategjik SHBA&#8221;,<\/em>\u00a0tha kreu i PD Lulzim Basha.<\/p>\n<p>Takimi vjen vet\u00ebm pak or\u00eb p\u00ebrpara tubimit t\u00eb thirrur nga Presidenti Ilir Meta, kund\u00ebr asaj q\u00eb ai e quan &#8220;grusht shteti&#8221;. N\u00eb mb\u00ebshtetje t\u00eb tubimit t\u00eb Presidentit kan\u00eb dal\u00eb edhe t\u00eb gjitha partit\u00eb opozitare.<\/p>\n","protected":false},"excerpt":{"rendered":"<p>P\u00ebr rreth dy or\u00eb kreu i PD, Lulzim Basha ka zhvilluar nj\u00eb drek\u00eb pune me ambasadoren e SHBA n\u00eb vendin ton\u00eb, Yuri Kim. N\u00eb p\u00ebrfundim t\u00eb takimit, dy zyrtar\u00ebt ishin t\u00eb rezervuar n\u00eb detajet e bised\u00ebs. &#8220;Pata nj\u00eb bised\u00eb shum\u00eb t\u00eb mir\u00eb me miken ton\u00eb dhe p\u00ebrfaq\u00ebsuesen e aleat\u00ebtit strategjik SHBA&#8221;,\u00a0tha kreu i PD Lulzim [&hellip;]<\/p>\n","protected":false},"author":2013,"featured_media":121002,"comment_status":"open","ping_status":"closed","sticky":false,"template":"","format":"standard","meta":{"footnotes":""},"categories":[241,235],"tags":[],"class_list":{"0":"post-123195","1":"post","2":"type-post","3":"status-publish","4":"format-standard","5":"has-post-thumbnail","7":"category-aktualitet","8":"category-vendi"},"_links":{"self":[{"href":"https:\/\/zjarr.tv\/sq\/wp-json\/wp\/v2\/posts\/123195","targetHints":{"allow":["GET"]}}],"collection":[{"href":"https:\/\/zjarr.tv\/sq\/wp-json\/wp\/v2\/posts"}],"about":[{"href":"https:\/\/zjarr.tv\/sq\/wp-json\/wp\/v2\/types\/post"}],"author":[{"embeddable":true,"href":"https:\/\/zjarr.tv\/sq\/wp-json\/wp\/v2\/users\/2013"}],"replies":[{"embeddable":true,"href":"https:\/\/zjarr.tv\/sq\/wp-json\/wp\/v2\/comments?post=123195"}],"version-history":[{"count":0,"href":"https:\/\/zjarr.tv\/sq\/wp-json\/wp\/v2\/posts\/123195\/revisions"}],"wp:featuredmedia":[{"embeddable":true,"href":"https:\/\/zjarr.tv\/sq\/wp-json\/wp\/v2\/media\/121002"}],"wp:attachment":[{"href":"https:\/\/zjarr.tv\/sq\/wp-json\/wp\/v2\/media?parent=123195"}],"wp:term":[{"taxonomy":"category","embeddable":true,"href":"https:\/\/zjarr.tv\/sq\/wp-json\/wp\/v2\/categories?post=123195"},{"taxonomy":"post_tag","embeddable":true,"href":"https:\/\/zjarr.tv\/sq\/wp-json\/wp\/v2\/tags?post=123195"}],"curies":[{"name":"wp","href":"https:\/\/api.w.org\/{rel}","templated":true}]}}