{"id":123199,"date":"2020-03-02T16:29:02","date_gmt":"2020-03-02T15:29:02","guid":{"rendered":"https:\/\/zjarr.tv\/?p=123199"},"modified":"2020-03-02T16:29:02","modified_gmt":"2020-03-02T15:29:02","slug":"qytetaret-drejt-tiranes-per-beslidhjen-e-re-policia-postblloqe-ne-rruge","status":"publish","type":"post","link":"https:\/\/zjarr.tv\/sq\/qytetaret-drejt-tiranes-per-beslidhjen-e-re-policia-postblloqe-ne-rruge\/","title":{"rendered":"Qytetar\u00ebt drejt Tiran\u00ebs p\u00ebr \u201cbeslidhjen e re\u201d, policia postblloqe n\u00eb rrug\u00eb"},"content":{"rendered":"<p>Qytetar\u00eb t\u00eb ardhur nga i gjith\u00eb vendi pritet ti bashkohen manisfestimit t\u00eb thirrutr nga presidenti Ilir Meta n\u00eb Tiran\u00eb. Por n\u00eb rrug\u00ebn drejt kryeqytetit ata u p\u00ebrball\u00ebn me postblloqe t\u00eb shumta nga policia, q\u00eb tha se n\u00eb fokus kishte personat me precedent\u00eb.<\/p>\n<p>Qytetar\u00eb nga i gjith\u00eb vendi iu p\u00ebrgjigj\u00ebn thirrjes s\u00eb Presidentit Ilir Meta p\u00ebr t&#8217;iu bashkuar asaj q\u00eb Kreu i Shtetit e quan \u2018Bes\u00eblidhje e re\u201d.<\/p>\n<p>Por n\u00eb rrug\u00ebn drejt kryeqytetit, qytetar\u00ebt u p\u00ebrball\u00ebn me postblloqe nga policia.<\/p>\n<p>Mjetet u kontrolluan p\u00ebr dokumentacionin dhe udh\u00ebtar\u00ebt p\u00ebr sende t\u00eb ndaluara.<\/p>\n<p>N\u00eb jug t\u00eb vendit, postoblloqe kishte n\u00eb aksin Levan-Vlor\u00eb, n\u00eb Fier, pran\u00eb vendit t\u00eb quajtur Vija e Ngjal\u00ebs dhe n\u00eb Lushnje.<\/p>\n<p>N\u00eb juglindje, postobllok kishte n\u00eb \u00c7iflik t\u00eb Kor\u00e7\u00ebs dhe dalje t\u00eb Pogradecit.<\/p>\n<p>N\u00eb veri, pika kontrolli kishte n\u00eb aksin Shkod\u00ebr-Lezh\u00eb dhe Fush\u00eb Kruj\u00eb.<\/p>\n<p>Burimet policore thon\u00eb se kontrollet nuk kan\u00eb q\u00ebllim pengimin e qytetar\u00ebve t\u00eb marrin pjes\u00eb n\u00eb tubim, por synimi i tyre ishin personat me precedent\u00eb penal\u00eb apo n\u00eb k\u00ebrkim.<\/p>\n<p>Deri m\u00eb tani nuk ka raportime p\u00ebr incidente apo t\u00eb ndaluar.<\/p>\n<p>Forcat lokale t\u00eb policis\u00eb jan\u00eb t\u00eb mb\u00ebshtetur nga grupe t\u00eb Forcave t\u00eb Nd\u00ebrhyrjes s\u00eb Shpejt\u00eb.<\/p>\n","protected":false},"excerpt":{"rendered":"<p>Qytetar\u00eb t\u00eb ardhur nga i gjith\u00eb vendi pritet ti bashkohen manisfestimit t\u00eb thirrutr nga presidenti Ilir Meta n\u00eb Tiran\u00eb. Por n\u00eb rrug\u00ebn drejt kryeqytetit ata u p\u00ebrball\u00ebn me postblloqe t\u00eb shumta nga policia, q\u00eb tha se n\u00eb fokus kishte personat me precedent\u00eb. Qytetar\u00eb nga i gjith\u00eb vendi iu p\u00ebrgjigj\u00ebn thirrjes s\u00eb Presidentit Ilir Meta p\u00ebr [&hellip;]<\/p>\n","protected":false},"author":2013,"featured_media":123200,"comment_status":"open","ping_status":"closed","sticky":false,"template":"","format":"standard","meta":{"footnotes":""},"categories":[241,235],"tags":[],"class_list":{"0":"post-123199","1":"post","2":"type-post","3":"status-publish","4":"format-standard","5":"has-post-thumbnail","7":"category-aktualitet","8":"category-vendi"},"_links":{"self":[{"href":"https:\/\/zjarr.tv\/sq\/wp-json\/wp\/v2\/posts\/123199","targetHints":{"allow":["GET"]}}],"collection":[{"href":"https:\/\/zjarr.tv\/sq\/wp-json\/wp\/v2\/posts"}],"about":[{"href":"https:\/\/zjarr.tv\/sq\/wp-json\/wp\/v2\/types\/post"}],"author":[{"embeddable":true,"href":"https:\/\/zjarr.tv\/sq\/wp-json\/wp\/v2\/users\/2013"}],"replies":[{"embeddable":true,"href":"https:\/\/zjarr.tv\/sq\/wp-json\/wp\/v2\/comments?post=123199"}],"version-history":[{"count":0,"href":"https:\/\/zjarr.tv\/sq\/wp-json\/wp\/v2\/posts\/123199\/revisions"}],"wp:featuredmedia":[{"embeddable":true,"href":"https:\/\/zjarr.tv\/sq\/wp-json\/wp\/v2\/media\/123200"}],"wp:attachment":[{"href":"https:\/\/zjarr.tv\/sq\/wp-json\/wp\/v2\/media?parent=123199"}],"wp:term":[{"taxonomy":"category","embeddable":true,"href":"https:\/\/zjarr.tv\/sq\/wp-json\/wp\/v2\/categories?post=123199"},{"taxonomy":"post_tag","embeddable":true,"href":"https:\/\/zjarr.tv\/sq\/wp-json\/wp\/v2\/tags?post=123199"}],"curies":[{"name":"wp","href":"https:\/\/api.w.org\/{rel}","templated":true}]}}