{"id":123205,"date":"2020-03-02T16:31:21","date_gmt":"2020-03-02T15:31:21","guid":{"rendered":"https:\/\/zjarr.tv\/?p=123205"},"modified":"2020-03-02T16:31:21","modified_gmt":"2020-03-02T15:31:21","slug":"raporti-i-ke-cakaj-riperseritje-e-arritjeve-tona-fushate-komunikimi-me-vendet-anetare","status":"publish","type":"post","link":"https:\/\/zjarr.tv\/sq\/raporti-i-ke-cakaj-riperseritje-e-arritjeve-tona-fushate-komunikimi-me-vendet-anetare\/","title":{"rendered":"Raporti i KE, Cakaj: Rip\u00ebrs\u00ebritje e arritjeve tona, fushat\u00eb komunikimi me vendet an\u00ebtare"},"content":{"rendered":"<p>Ministri n\u00eb detyr\u00eb p\u00ebr Evrop\u00ebn dhe Pun\u00ebt e Jashtme, Gent Cakaj, n\u00eb nj\u00eb reagim n\u00eb Facebook p\u00ebr rekomandimin pozitiv t\u00eb Komisionit Europian p\u00ebr hapjen e negociatave t\u00eb Shqip\u00ebris\u00eb dhe Maqedonis\u00eb s\u00eb Veriut thot\u00eb se kjo \u00ebsht\u00eb rikonfirmim i arritjeve t\u00eb qeveris\u00eb.<\/p>\n<p><em>&#8220;Raporti i Komisionit, edhe nj\u00ebher\u00eb, rekomandon \u00e7eljen e pakusht\u00ebzuar dhe t\u00eb menj\u00ebhershme t\u00eb negociatave p\u00ebr an\u00ebtar\u00ebsim t\u00eb Shqip\u00ebris\u00eb me Bashkimin Evropian&#8221; shkruan Cakaj.<\/em><\/p>\n<p>Ministri n\u00ebnvizon se do t\u00eb nisin menj\u00ebher\u00eb nj\u00eb fushat\u00eb komunikimi politike e diplomatike me vendet an\u00ebtare p\u00ebr t\u2019i bindur p\u00ebr nevoj\u00ebn e \u00e7eljes s\u00eb negociatave p\u00ebr an\u00ebtar\u00ebsim me Shqip\u00ebrin\u00eb.<\/p>\n<p>Cakaj gjithashtu, shprehu angazhimin e plot\u00eb t\u00eb qeveris\u00eb, n\u00eb reformat rr\u00ebnj\u00ebsore t\u00eb nd\u00ebrmarra e n\u00eb drejtim t\u00eb Bashkimit Evropian.<\/p>\n","protected":false},"excerpt":{"rendered":"<p>Ministri n\u00eb detyr\u00eb p\u00ebr Evrop\u00ebn dhe Pun\u00ebt e Jashtme, Gent Cakaj, n\u00eb nj\u00eb reagim n\u00eb Facebook p\u00ebr rekomandimin pozitiv t\u00eb Komisionit Europian p\u00ebr hapjen e negociatave t\u00eb Shqip\u00ebris\u00eb dhe Maqedonis\u00eb s\u00eb Veriut thot\u00eb se kjo \u00ebsht\u00eb rikonfirmim i arritjeve t\u00eb qeveris\u00eb. &#8220;Raporti i Komisionit, edhe nj\u00ebher\u00eb, rekomandon \u00e7eljen e pakusht\u00ebzuar dhe t\u00eb menj\u00ebhershme t\u00eb negociatave [&hellip;]<\/p>\n","protected":false},"author":2013,"featured_media":123206,"comment_status":"open","ping_status":"closed","sticky":false,"template":"","format":"standard","meta":{"footnotes":""},"categories":[241,235],"tags":[],"class_list":{"0":"post-123205","1":"post","2":"type-post","3":"status-publish","4":"format-standard","5":"has-post-thumbnail","7":"category-aktualitet","8":"category-vendi"},"_links":{"self":[{"href":"https:\/\/zjarr.tv\/sq\/wp-json\/wp\/v2\/posts\/123205","targetHints":{"allow":["GET"]}}],"collection":[{"href":"https:\/\/zjarr.tv\/sq\/wp-json\/wp\/v2\/posts"}],"about":[{"href":"https:\/\/zjarr.tv\/sq\/wp-json\/wp\/v2\/types\/post"}],"author":[{"embeddable":true,"href":"https:\/\/zjarr.tv\/sq\/wp-json\/wp\/v2\/users\/2013"}],"replies":[{"embeddable":true,"href":"https:\/\/zjarr.tv\/sq\/wp-json\/wp\/v2\/comments?post=123205"}],"version-history":[{"count":0,"href":"https:\/\/zjarr.tv\/sq\/wp-json\/wp\/v2\/posts\/123205\/revisions"}],"wp:featuredmedia":[{"embeddable":true,"href":"https:\/\/zjarr.tv\/sq\/wp-json\/wp\/v2\/media\/123206"}],"wp:attachment":[{"href":"https:\/\/zjarr.tv\/sq\/wp-json\/wp\/v2\/media?parent=123205"}],"wp:term":[{"taxonomy":"category","embeddable":true,"href":"https:\/\/zjarr.tv\/sq\/wp-json\/wp\/v2\/categories?post=123205"},{"taxonomy":"post_tag","embeddable":true,"href":"https:\/\/zjarr.tv\/sq\/wp-json\/wp\/v2\/tags?post=123205"}],"curies":[{"name":"wp","href":"https:\/\/api.w.org\/{rel}","templated":true}]}}