{"id":123208,"date":"2020-03-02T16:35:44","date_gmt":"2020-03-02T15:35:44","guid":{"rendered":"https:\/\/zjarr.tv\/?p=123208"},"modified":"2020-03-02T16:35:44","modified_gmt":"2020-03-02T15:35:44","slug":"jo-organizime-partiake-basha-e-kryemadhi-dalin-nga-shtepite-e-tyre-ne-manifestim-si-qytetare","status":"publish","type":"post","link":"https:\/\/zjarr.tv\/sq\/jo-organizime-partiake-basha-e-kryemadhi-dalin-nga-shtepite-e-tyre-ne-manifestim-si-qytetare\/","title":{"rendered":"Jo organizime partiake, Basha e Kryemadhi dalin nga sht\u00ebpit\u00eb e tyre, n\u00eb manifestim si qytetar\u00eb"},"content":{"rendered":"<p>Kan\u00eb paralajm\u00ebruar se do t\u2019i bashkohen manifestimit t\u00eb thirrur nga Presidenti i Republik\u00ebs Ilir Meta si qytetar\u00eb dhe ashtu pritet t\u00eb ndodh\u00eb.<\/p>\n<p>Nuk ka asnj\u00eb organizim nga Partia Demokratike dhe situata n\u00eb selin\u00eb e PD duke e qet\u00eb, megjith\u00ebse ka disa qytetar\u00eb. kryetari i PD-s\u00eb Lulzim Basha nuk do t\u00eb dal\u00eb nga selia e PD por nga sht\u00ebpia e tij, si nj\u00eb qytetar i thjesht\u00eb. E nj\u00ebjta gj\u00eb pritet t\u00eb ndodh\u00eb edhe me kryetaren e LSI-s\u00eb Monika Kryemadhi, q\u00eb gjithashtu do t\u00eb niset nga sht\u00ebpia e saj p\u00ebr t\u00eb marr\u00eb pjes\u00eb n\u00eb manifestimin e thirrur nga Presidenti i Republik\u00ebs Ilir meta n\u00eb mbrojtje t\u00eb Kushtetut\u00ebs.<\/p>\n<div class=\"galery-slider\">\n<ul class=\"slides\">\n<li class=\"flex-slider-item flex-active-slide\" data-thumb-alt=\"\"><a href=\"https:\/\/www.balkanweb.com\/wp-content\/uploads\/2020\/03\/PD-selia-1.jpeg\" rel=\"lightbox\"><img decoding=\"async\" draggable=\"false\" src=\"https:\/\/www.balkanweb.com\/wp-content\/uploads\/2020\/03\/PD-selia-1.jpeg\" alt=\"foto galeri \" \/><\/a><\/li>\n<li class=\"flex-slider-item\" data-thumb-alt=\"\"><a href=\"https:\/\/www.balkanweb.com\/wp-content\/uploads\/2020\/03\/PD-selia-3.jpeg\" rel=\"lightbox\"><img decoding=\"async\" draggable=\"false\" src=\"https:\/\/www.balkanweb.com\/wp-content\/uploads\/2020\/03\/PD-selia-3.jpeg\" alt=\"foto galeri \" \/><\/a><\/li>\n<li class=\"flex-slider-item\" data-thumb-alt=\"\"><a href=\"https:\/\/www.balkanweb.com\/wp-content\/uploads\/2020\/03\/PD-selia-2.jpeg\" rel=\"lightbox\"><img decoding=\"async\" draggable=\"false\" src=\"https:\/\/www.balkanweb.com\/wp-content\/uploads\/2020\/03\/PD-selia-2.jpeg\" alt=\"foto galeri \" \/><\/a><\/li>\n<\/ul>\n<\/div>\n","protected":false},"excerpt":{"rendered":"<p>Kan\u00eb paralajm\u00ebruar se do t\u2019i bashkohen manifestimit t\u00eb thirrur nga Presidenti i Republik\u00ebs Ilir Meta si qytetar\u00eb dhe ashtu pritet t\u00eb ndodh\u00eb. Nuk ka asnj\u00eb organizim nga Partia Demokratike dhe situata n\u00eb selin\u00eb e PD duke e qet\u00eb, megjith\u00ebse ka disa qytetar\u00eb. kryetari i PD-s\u00eb Lulzim Basha nuk do t\u00eb dal\u00eb nga selia e PD [&hellip;]<\/p>\n","protected":false},"author":2013,"featured_media":123209,"comment_status":"open","ping_status":"closed","sticky":false,"template":"","format":"standard","meta":{"footnotes":""},"categories":[241,235],"tags":[],"class_list":{"0":"post-123208","1":"post","2":"type-post","3":"status-publish","4":"format-standard","5":"has-post-thumbnail","7":"category-aktualitet","8":"category-vendi"},"_links":{"self":[{"href":"https:\/\/zjarr.tv\/sq\/wp-json\/wp\/v2\/posts\/123208","targetHints":{"allow":["GET"]}}],"collection":[{"href":"https:\/\/zjarr.tv\/sq\/wp-json\/wp\/v2\/posts"}],"about":[{"href":"https:\/\/zjarr.tv\/sq\/wp-json\/wp\/v2\/types\/post"}],"author":[{"embeddable":true,"href":"https:\/\/zjarr.tv\/sq\/wp-json\/wp\/v2\/users\/2013"}],"replies":[{"embeddable":true,"href":"https:\/\/zjarr.tv\/sq\/wp-json\/wp\/v2\/comments?post=123208"}],"version-history":[{"count":0,"href":"https:\/\/zjarr.tv\/sq\/wp-json\/wp\/v2\/posts\/123208\/revisions"}],"wp:featuredmedia":[{"embeddable":true,"href":"https:\/\/zjarr.tv\/sq\/wp-json\/wp\/v2\/media\/123209"}],"wp:attachment":[{"href":"https:\/\/zjarr.tv\/sq\/wp-json\/wp\/v2\/media?parent=123208"}],"wp:term":[{"taxonomy":"category","embeddable":true,"href":"https:\/\/zjarr.tv\/sq\/wp-json\/wp\/v2\/categories?post=123208"},{"taxonomy":"post_tag","embeddable":true,"href":"https:\/\/zjarr.tv\/sq\/wp-json\/wp\/v2\/tags?post=123208"}],"curies":[{"name":"wp","href":"https:\/\/api.w.org\/{rel}","templated":true}]}}