{"id":123211,"date":"2020-03-02T16:44:28","date_gmt":"2020-03-02T15:44:28","guid":{"rendered":"https:\/\/zjarr.tv\/?p=123211"},"modified":"2020-03-02T16:44:28","modified_gmt":"2020-03-02T15:44:28","slug":"tubimi-i-sotem-ambasadorja-e-frances-presidenti-dhe-qeveria-te-mbajne-pergjegjesite-e-veta","status":"publish","type":"post","link":"https:\/\/zjarr.tv\/sq\/tubimi-i-sotem-ambasadorja-e-frances-presidenti-dhe-qeveria-te-mbajne-pergjegjesite-e-veta\/","title":{"rendered":"Tubimi i sot\u00ebm, ambasadorja e Franc\u00ebs: Presidenti dhe qeveria t\u00eb mbajn\u00eb p\u00ebrgjegj\u00ebsit\u00eb e veta"},"content":{"rendered":"<p>Ambasadorja e Franc\u00ebs n\u00eb vendin ton\u00eb, Christine Vasak ka komentuar tubimin e sot\u00ebm t\u00eb presidentit Ilir Meta.<\/p>\n<p>N\u00eb ceremonin\u00eb e hapjes s\u00eb muajit t\u00eb frankofonis\u00eb, Vasak u shpreh se si Presidenti edhe qeveria duhet t\u00eb mbajn\u00eb p\u00ebrgjegj\u00ebsit\u00eb e veta.<\/p>\n<p><em>\u00a0&#8220;Jemi n\u00eb muajin e frankofonis\u00eb, nuk duam t&#8217;i p\u00ebrziejm\u00eb dy gj\u00ebrat. Ne e dim\u00eb se sot presidenti ka thirrur nj\u00eb protest\u00eb, dim\u00eb q\u00eb presidenti ka p\u00ebrgjegj\u00ebsit\u00eb dhe duhet tu dali p\u00ebrball\u00eb p\u00ebrgjegj\u00ebsis\u00eb se tij, ashtu sikur qeveria duhet te mbaj\u00eb p\u00ebrgjegj\u00ebsit\u00eb e saj&#8221;,<\/em>\u00a0u shpreh diplomatja franceze.<\/p>\n","protected":false},"excerpt":{"rendered":"<p>Ambasadorja e Franc\u00ebs n\u00eb vendin ton\u00eb, Christine Vasak ka komentuar tubimin e sot\u00ebm t\u00eb presidentit Ilir Meta. N\u00eb ceremonin\u00eb e hapjes s\u00eb muajit t\u00eb frankofonis\u00eb, Vasak u shpreh se si Presidenti edhe qeveria duhet t\u00eb mbajn\u00eb p\u00ebrgjegj\u00ebsit\u00eb e veta. \u00a0&#8220;Jemi n\u00eb muajin e frankofonis\u00eb, nuk duam t&#8217;i p\u00ebrziejm\u00eb dy gj\u00ebrat. Ne e dim\u00eb se sot [&hellip;]<\/p>\n","protected":false},"author":2013,"featured_media":123212,"comment_status":"open","ping_status":"closed","sticky":false,"template":"","format":"standard","meta":{"footnotes":""},"categories":[241,235],"tags":[],"class_list":{"0":"post-123211","1":"post","2":"type-post","3":"status-publish","4":"format-standard","5":"has-post-thumbnail","7":"category-aktualitet","8":"category-vendi"},"_links":{"self":[{"href":"https:\/\/zjarr.tv\/sq\/wp-json\/wp\/v2\/posts\/123211","targetHints":{"allow":["GET"]}}],"collection":[{"href":"https:\/\/zjarr.tv\/sq\/wp-json\/wp\/v2\/posts"}],"about":[{"href":"https:\/\/zjarr.tv\/sq\/wp-json\/wp\/v2\/types\/post"}],"author":[{"embeddable":true,"href":"https:\/\/zjarr.tv\/sq\/wp-json\/wp\/v2\/users\/2013"}],"replies":[{"embeddable":true,"href":"https:\/\/zjarr.tv\/sq\/wp-json\/wp\/v2\/comments?post=123211"}],"version-history":[{"count":0,"href":"https:\/\/zjarr.tv\/sq\/wp-json\/wp\/v2\/posts\/123211\/revisions"}],"wp:featuredmedia":[{"embeddable":true,"href":"https:\/\/zjarr.tv\/sq\/wp-json\/wp\/v2\/media\/123212"}],"wp:attachment":[{"href":"https:\/\/zjarr.tv\/sq\/wp-json\/wp\/v2\/media?parent=123211"}],"wp:term":[{"taxonomy":"category","embeddable":true,"href":"https:\/\/zjarr.tv\/sq\/wp-json\/wp\/v2\/categories?post=123211"},{"taxonomy":"post_tag","embeddable":true,"href":"https:\/\/zjarr.tv\/sq\/wp-json\/wp\/v2\/tags?post=123211"}],"curies":[{"name":"wp","href":"https:\/\/api.w.org\/{rel}","templated":true}]}}